{"id":41206,"date":"2023-02-26T17:44:18","date_gmt":"2023-02-26T16:44:18","guid":{"rendered":"https:\/\/baturina-homewear.com\/blog\/unkategorisiert\/der-unterschied-zwischen-einem-bademantel-und-einem-hausmantel\/"},"modified":"2025-01-07T17:05:44","modified_gmt":"2025-01-07T16:05:44","slug":"der-unterschied-zwischen-einem-bademantel-und-einem-hausmantel","status":"publish","type":"post","link":"https:\/\/baturina-homewear.com\/de\/blog\/hausmantel\/der-unterschied-zwischen-einem-bademantel-und-einem-hausmantel\/","title":{"rendered":"Der Unterschied zwischen einem Bademantel und einem Hausmantel"},"content":{"rendered":"\t\t<div data-elementor-type=\"wp-post\" data-elementor-id=\"41206\" class=\"elementor elementor-41206 elementor-40770\" data-elementor-post-type=\"post\">\n\t\t\t\t<div class=\"wd-negative-gap elementor-element elementor-element-82cd1eb e-flex e-con-boxed e-con e-parent\" data-id=\"82cd1eb\" data-element_type=\"container\" data-e-type=\"container\">\n\t\t\t\t\t<div class=\"e-con-inner\">\n\t\t\t\t<div class=\"elementor-element elementor-element-bd7a184 color-scheme-inherit text-left elementor-widget elementor-widget-text-editor\" data-id=\"bd7a184\" data-element_type=\"widget\" data-e-type=\"widget\" data-widget_type=\"text-editor.default\">\n\t\t\t\t<div class=\"elementor-widget-container\">\n\t\t\t\t\t\t\t\t\t<p>Die Begriffe &#8222;Bademantel&#8220;, &#8222;Hausmantel&#8220; und &#8222;Morgenmantel&#8220; werden oft synonym verwendet, aber es gibt einige wichtige Unterschiede.<\/p>\n\t\t\t\t\t\t\t\t<\/div>\n\t\t\t\t<\/div>\n\t\t\t\t<div class=\"elementor-element elementor-element-b9f2859 wd-width-100 elementor-widget elementor-widget-wd_images_gallery\" data-id=\"b9f2859\" data-element_type=\"widget\" data-e-type=\"widget\" data-widget_type=\"wd_images_gallery.default\">\n\t\t\t\t<div class=\"elementor-widget-container\">\n\t\t\t\t\t\t\t<div class=\"wd-images-gallery\" style=\"--wd-align-items:center; --wd-justify-content:center;\">\n\t\t\t\t\t\t<div class=\"wd-masonry wd-grid-f-col\" style=\"--wd-col-lg:2;--wd-col-md:2;--wd-col-sm:1;--wd-gap-lg:6px;\" >\n\t\t\t\t\t\t\t\t\t\t\t\t\t\t\t\t\t\t<div class=\"wd-gallery-item wd-col\">\n\t\t\t\t\t\t\t\t\t\t\t\t\t<a  href=\"\/product\/mens-bathrobe-cotton-waffle-pique-blue\/\" data-width=\"800\" data-height=\"1200\" data-index=\"0\" data-elementor-open-lightbox=\"no\">\n\t\t\t\t\t\t\n\t\t\t\t\t\t<img decoding=\"async\" width=\"768\" height=\"1152\" src=\"https:\/\/baturina-homewear.com\/wp-content\/uploads\/2023\/03\/1olive-green-floral-cotton-dressing-gown-768x1152.jpg\" class=\"attachment-medium_large size-medium_large\" alt=\"1olive-green-floral-cotton-dressing-gown\" srcset=\"https:\/\/baturina-homewear.com\/wp-content\/uploads\/2023\/03\/1olive-green-floral-cotton-dressing-gown-768x1152.jpg 768w, https:\/\/baturina-homewear.com\/wp-content\/uploads\/2023\/03\/1olive-green-floral-cotton-dressing-gown-200x300.jpg 200w, https:\/\/baturina-homewear.com\/wp-content\/uploads\/2023\/03\/1olive-green-floral-cotton-dressing-gown-683x1024.jpg 683w, https:\/\/baturina-homewear.com\/wp-content\/uploads\/2023\/03\/1olive-green-floral-cotton-dressing-gown-740x1110.jpg 740w, https:\/\/baturina-homewear.com\/wp-content\/uploads\/2023\/03\/1olive-green-floral-cotton-dressing-gown-370x555.jpg 370w, https:\/\/baturina-homewear.com\/wp-content\/uploads\/2023\/03\/1olive-green-floral-cotton-dressing-gown-670x1005.jpg 670w, https:\/\/baturina-homewear.com\/wp-content\/uploads\/2023\/03\/1olive-green-floral-cotton-dressing-gown-150x225.jpg 150w, https:\/\/baturina-homewear.com\/wp-content\/uploads\/2023\/03\/1olive-green-floral-cotton-dressing-gown.jpg 800w\" sizes=\"(max-width: 768px) 100vw, 768px\" title=\"\">\n\t\t\t\t\t\t\t\t\t\t\t\t\t<\/a>\n\t\t\t\t\t\t\t\t\t\t\t<\/div>\n\t\t\t\t\t\t\t\t\t\t\t\t\t\t\t<div class=\"wd-gallery-item wd-col\">\n\t\t\t\t\t\t\t\t\t\t\t\t\t<a  href=\"\/product\/mens-bathrobe-olive-green-velvet\/\" data-width=\"800\" data-height=\"1200\" data-index=\"1\" data-elementor-open-lightbox=\"no\">\n\t\t\t\t\t\t\n\t\t\t\t\t\t<img decoding=\"async\" width=\"768\" height=\"1152\" src=\"https:\/\/baturina-homewear.com\/wp-content\/uploads\/2022\/10\/2olive-green-bathrobe-dressing-gown-men-768x1152.jpg\" class=\"attachment-medium_large size-medium_large\" alt=\"2olive-green-bathrobe-dressing-gown-men\" srcset=\"https:\/\/baturina-homewear.com\/wp-content\/uploads\/2022\/10\/2olive-green-bathrobe-dressing-gown-men-768x1152.jpg 768w, https:\/\/baturina-homewear.com\/wp-content\/uploads\/2022\/10\/2olive-green-bathrobe-dressing-gown-men-200x300.jpg 200w, https:\/\/baturina-homewear.com\/wp-content\/uploads\/2022\/10\/2olive-green-bathrobe-dressing-gown-men-683x1024.jpg 683w, https:\/\/baturina-homewear.com\/wp-content\/uploads\/2022\/10\/2olive-green-bathrobe-dressing-gown-men-740x1110.jpg 740w, https:\/\/baturina-homewear.com\/wp-content\/uploads\/2022\/10\/2olive-green-bathrobe-dressing-gown-men-370x555.jpg 370w, https:\/\/baturina-homewear.com\/wp-content\/uploads\/2022\/10\/2olive-green-bathrobe-dressing-gown-men-670x1005.jpg 670w, https:\/\/baturina-homewear.com\/wp-content\/uploads\/2022\/10\/2olive-green-bathrobe-dressing-gown-men-150x225.jpg 150w, https:\/\/baturina-homewear.com\/wp-content\/uploads\/2022\/10\/2olive-green-bathrobe-dressing-gown-men-400x600.jpg 400w, https:\/\/baturina-homewear.com\/wp-content\/uploads\/2022\/10\/2olive-green-bathrobe-dressing-gown-men.jpg 800w\" sizes=\"(max-width: 768px) 100vw, 768px\" title=\"\">\n\t\t\t\t\t\t\t\t\t\t\t\t\t<\/a>\n\t\t\t\t\t\t\t\t\t\t\t<\/div>\n\t\t\t\t\t\t\t\t\t\t\t\t\t\t\t<div class=\"wd-gallery-item wd-col\">\n\t\t\t\t\t\t\t\t\t\t\t\t\t<a  href=\"\/product\/mens-dressing-gown-burgundy-cotton-velvet-navy-quilted-satin-with-cord-piping\/\" data-width=\"800\" data-height=\"1200\" data-index=\"2\" data-elementor-open-lightbox=\"no\">\n\t\t\t\t\t\t\n\t\t\t\t\t\t<img decoding=\"async\" width=\"768\" height=\"1152\" src=\"https:\/\/baturina-homewear.com\/wp-content\/uploads\/2022\/10\/4alex_photoshoot_garden-768x1152.jpg\" class=\"attachment-medium_large size-medium_large\" alt=\"4alex_photoshoot_garden\" srcset=\"https:\/\/baturina-homewear.com\/wp-content\/uploads\/2022\/10\/4alex_photoshoot_garden-768x1152.jpg 768w, https:\/\/baturina-homewear.com\/wp-content\/uploads\/2022\/10\/4alex_photoshoot_garden-200x300.jpg 200w, https:\/\/baturina-homewear.com\/wp-content\/uploads\/2022\/10\/4alex_photoshoot_garden-683x1024.jpg 683w, https:\/\/baturina-homewear.com\/wp-content\/uploads\/2022\/10\/4alex_photoshoot_garden-740x1110.jpg 740w, https:\/\/baturina-homewear.com\/wp-content\/uploads\/2022\/10\/4alex_photoshoot_garden-370x555.jpg 370w, https:\/\/baturina-homewear.com\/wp-content\/uploads\/2022\/10\/4alex_photoshoot_garden-670x1005.jpg 670w, https:\/\/baturina-homewear.com\/wp-content\/uploads\/2022\/10\/4alex_photoshoot_garden-150x225.jpg 150w, https:\/\/baturina-homewear.com\/wp-content\/uploads\/2022\/10\/4alex_photoshoot_garden.jpg 800w\" sizes=\"(max-width: 768px) 100vw, 768px\" title=\"\">\n\t\t\t\t\t\t\t\t\t\t\t\t\t<\/a>\n\t\t\t\t\t\t\t\t\t\t\t<\/div>\n\t\t\t\t\t\t\t\t\t\t\t\t\t\t\t<div class=\"wd-gallery-item wd-col\">\n\t\t\t\t\t\t\t\t\t\t\t\t\t<a  href=\"\/product\/mens-dressing-gown-olive-green-antique-floral\/\" data-width=\"800\" data-height=\"1200\" data-index=\"3\" data-elementor-open-lightbox=\"no\">\n\t\t\t\t\t\t\n\t\t\t\t\t\t<img decoding=\"async\" width=\"768\" height=\"1152\" src=\"https:\/\/baturina-homewear.com\/wp-content\/uploads\/2023\/03\/1olive-green-floral-cotton-dressing-gown-768x1152.jpg\" class=\"attachment-medium_large size-medium_large\" alt=\"1olive-green-floral-cotton-dressing-gown\" srcset=\"https:\/\/baturina-homewear.com\/wp-content\/uploads\/2023\/03\/1olive-green-floral-cotton-dressing-gown-768x1152.jpg 768w, https:\/\/baturina-homewear.com\/wp-content\/uploads\/2023\/03\/1olive-green-floral-cotton-dressing-gown-200x300.jpg 200w, https:\/\/baturina-homewear.com\/wp-content\/uploads\/2023\/03\/1olive-green-floral-cotton-dressing-gown-683x1024.jpg 683w, https:\/\/baturina-homewear.com\/wp-content\/uploads\/2023\/03\/1olive-green-floral-cotton-dressing-gown-740x1110.jpg 740w, https:\/\/baturina-homewear.com\/wp-content\/uploads\/2023\/03\/1olive-green-floral-cotton-dressing-gown-370x555.jpg 370w, https:\/\/baturina-homewear.com\/wp-content\/uploads\/2023\/03\/1olive-green-floral-cotton-dressing-gown-670x1005.jpg 670w, https:\/\/baturina-homewear.com\/wp-content\/uploads\/2023\/03\/1olive-green-floral-cotton-dressing-gown-150x225.jpg 150w, https:\/\/baturina-homewear.com\/wp-content\/uploads\/2023\/03\/1olive-green-floral-cotton-dressing-gown.jpg 800w\" sizes=\"(max-width: 768px) 100vw, 768px\" title=\"\">\n\t\t\t\t\t\t\t\t\t\t\t\t\t<\/a>\n\t\t\t\t\t\t\t\t\t\t\t<\/div>\n\t\t\t\t\t\t\t\t\t\t\t\t\t<\/div>\n\t\t\t\t\t<\/div>\n\t\t\t\t\t\t<\/div>\n\t\t\t\t<\/div>\n\t\t\t\t<div class=\"elementor-element elementor-element-af5439c color-scheme-inherit text-left elementor-widget elementor-widget-text-editor\" data-id=\"af5439c\" data-element_type=\"widget\" data-e-type=\"widget\" data-widget_type=\"text-editor.default\">\n\t\t\t\t<div class=\"elementor-widget-container\">\n\t\t\t\t\t\t\t\t\t<h3>Hausmantel und Bademantel &#8211; der Unterschied<\/h3>\n<p>Ein <a href=\"https:\/\/baturina-homewear.com\/de\/produkt-kategorie\/morgenmaentel\/herren-hausmantel\/\">Morgenmantel<\/a> oder Hausmantel ist in der Regel ein locker sitzendes Kleidungsst\u00fcck, das \u00fcber der Kleidung oder der Nachtw\u00e4sche getragen wird, um im Haus zu faulenzen. Es ist oft aus leichten Materialien wie Baumwolle oder Seide gefertigt und kann mit einem G\u00fcrtel versehen sein, um es in der Taille zu fixieren. Ein <a href=\"https:\/\/baturina-homewear.com\/de\/produkt-kategorie\/morgenmaentel\/bademantel\/\">Bademantel<\/a> hingegen ist daf\u00fcr konzipiert, nach dem Baden oder Duschen getragen zu werden, um die Feuchtigkeit vom K\u00f6rper aufzunehmen. Badem\u00e4ntel bestehen in der Regel aus saugf\u00e4higen Materialien wie Baumwolle oder Frottee und k\u00f6nnen mit oder ohne Kapuze sein. Sie sind oft dicker und schwerer als Hausm\u00e4ntel und sind dazu gedacht den Tr\u00e4ger nach dem Verlassen der Badewanne oder Dusche warm und trocken halten.<\/p>\n<p>Die Begriffe &#8222;Bademantel&#8220; und &#8222;Morgenmantel&#8220; werden jedoch manchmal synonym verwendet, und die Unterscheidung zwischen den beiden Begriffen kann je nach Region oder Kultur variieren. Letztlich ist der Unterschied zwischen einem Morgenmantel und einem Bademantel weitgehend eine Frage der Semantik, und die Begriffe k\u00f6nnen je nach Kontext austauschbar verwendet werden.<\/p>\n\t\t\t\t\t\t\t\t<\/div>\n\t\t\t\t<\/div>\n\t\t\t\t<div class=\"elementor-element elementor-element-82a0ae7 elementor-widget elementor-widget-video\" data-id=\"82a0ae7\" data-element_type=\"widget\" data-e-type=\"widget\" data-settings=\"{&quot;youtube_url&quot;:&quot;https:\\\/\\\/www.youtube.com\\\/watch?v=CsjFXiv6P1A&amp;t=472s&quot;,&quot;start&quot;:340,&quot;end&quot;:740,&quot;yt_privacy&quot;:&quot;yes&quot;,&quot;video_type&quot;:&quot;youtube&quot;,&quot;controls&quot;:&quot;yes&quot;}\" data-widget_type=\"video.default\">\n\t\t\t\t<div class=\"elementor-widget-container\">\n\t\t\t\t\t\t\t<div class=\"elementor-wrapper elementor-open-inline\">\n\t\t\t<div class=\"elementor-video\"><\/div>\t\t<\/div>\n\t\t\t\t\t\t<\/div>\n\t\t\t\t<\/div>\n\t\t\t\t<div class=\"elementor-element elementor-element-14cd420 color-scheme-inherit text-left elementor-widget elementor-widget-text-editor\" data-id=\"14cd420\" data-element_type=\"widget\" data-e-type=\"widget\" data-widget_type=\"text-editor.default\">\n\t\t\t\t<div class=\"elementor-widget-container\">\n\t\t\t\t\t\t\t\t\t<h3>Wie man einen Morgenmantel tr\u00e4gt<\/h3>\n<p>Morgenm\u00e4ntel k\u00f6nnen getragen werden, um Privatsph\u00e4re und Diskretion zu gew\u00e4hrleisten, w\u00e4hrend man sich anzieht oder andere T\u00e4tigkeiten im Haus ausf\u00fchrt. Sie werden h\u00e4ufig \u00fcber <a href=\"https:\/\/baturina-homewear.com\/de\/produkt-kategorie\/pyjamas\/herren-pyjamas\/\">Pyjama<\/a> oder anderer bequemer Kleidung getragen und k\u00f6nnen bei Freizeitaktivit\u00e4ten wie Lesen oder Fernsehen getragen werden. Unsere Hausm\u00e4ntel gibt es in einer Vielzahl von Stilen und Vorlieben, von leichter, k\u00fchlender Seide bis zu schwerem und warmem Baumwollsamt oder Wolle. Die Morgenm\u00e4ntel sind mit aufwendigen Details wie gesteppten Revers, Paspeln, Quasten und Monogramm-Stickereien versehen.<\/p>\n<p>Style-Influencer <a href=\"https:\/\/www.instagram.com\/damienbroderick\/?hl=en\" target=\"_blank\" rel=\"noopener\">Damien Broderick<\/a> beschreibt seinen Morgenmantel als sein wertvollstes St\u00fcck, das er \u00fcberallhin mitnimmt.<\/p>\n<p>Ganz gleich, ob Sie in einem Hotel oder zu Hause wohnen, ein Hausmantel gibt Ihnen immer das dringend ben\u00f6tigte Gef\u00fchl von Komfort und Privatsph\u00e4re. Schauen Sie weiter unten, um mehr \u00fcber Damiens Morgenmantel zu erfahren.<\/p>\n\t\t\t\t\t\t\t\t<\/div>\n\t\t\t\t<\/div>\n\t\t\t\t<div class=\"elementor-element elementor-element-74a057c wd-width-100 elementor-widget elementor-widget-wd_products\" data-id=\"74a057c\" data-element_type=\"widget\" data-e-type=\"widget\" data-widget_type=\"wd_products.default\">\n\t\t\t\t<div class=\"elementor-widget-container\">\n\t\t\t\t\t\t\t\t\t\t<div class=\"wd-products-element with-title\">\n\n\t\t\t\t\t\t\t<h4 class=\"wd-el-title title element-title\">Morgenm\u00e4ntel bestellen<\/h4>\t\t\t\n\t\t\t\n\t\t\t\n\t\t\t<div class=\"products wd-products pagination-more-btn grid-columns-4 elements-grid wd-grid-g wd-loop-builder-off title-line-two wd-stretch-cont-lg\" data-paged=\"1\" data-atts=\"{&quot;speed&quot;:null,&quot;slides_per_view&quot;:null,&quot;wrap&quot;:null,&quot;autoplay&quot;:null,&quot;autoheight&quot;:null,&quot;hide_pagination_control&quot;:null,&quot;dynamic_pagination_control&quot;:null,&quot;hide_prev_next_buttons&quot;:null,&quot;carousel_arrows_position&quot;:null,&quot;hide_scrollbar&quot;:null,&quot;scroll_per_page&quot;:null,&quot;center_mode&quot;:null,&quot;spacing&quot;:&quot;&quot;,&quot;carousel_sync&quot;:null,&quot;sync_parent_id&quot;:null,&quot;sync_child_id&quot;:null,&quot;scroll_carousel_init&quot;:null,&quot;disable_overflow_carousel&quot;:null,&quot;element_title&quot;:&quot;Morgenm\\u00e4ntel bestellen&quot;,&quot;include&quot;:null,&quot;taxonomies&quot;:[&quot;113&quot;],&quot;orderby&quot;:&quot;rand&quot;,&quot;query_type&quot;:&quot;AND&quot;,&quot;meta_key&quot;:null,&quot;shop_tools&quot;:null,&quot;hide_out_of_stock&quot;:&quot;yes&quot;,&quot;ajax_recently_viewed&quot;:null,&quot;pagination&quot;:&quot;more-btn&quot;,&quot;pagination_arrows_position&quot;:null,&quot;items_per_page&quot;:8,&quot;list_spacing&quot;:null,&quot;columns&quot;:{&quot;unit&quot;:&quot;px&quot;,&quot;size&quot;:4,&quot;sizes&quot;:[]},&quot;products_masonry&quot;:&quot;&quot;,&quot;products_different_sizes&quot;:&quot;&quot;,&quot;product_quantity&quot;:&quot;&quot;,&quot;product_custom_hover&quot;:null,&quot;sale_countdown&quot;:&quot;0&quot;,&quot;stretch_product&quot;:null,&quot;stock_progress_bar&quot;:&quot;0&quot;,&quot;highlighted_products&quot;:&quot;0&quot;,&quot;products_divider&quot;:null,&quot;products_bordered_grid&quot;:&quot;0&quot;,&quot;products_bordered_grid_style&quot;:null,&quot;products_with_background&quot;:&quot;0&quot;,&quot;products_shadow&quot;:&quot;0&quot;,&quot;img_size&quot;:&quot;custom&quot;,&quot;img_size_custom&quot;:{&quot;width&quot;:&quot;200&quot;,&quot;height&quot;:&quot;300&quot;},&quot;grid_gallery_control&quot;:null,&quot;grid_gallery_enable_arrows&quot;:null,&quot;elementor&quot;:true,&quot;force_not_ajax&quot;:&quot;no&quot;}\" data-source=\"shortcode\" data-columns=\"4\" style=\"--wd-col-lg:4;--wd-col-md:4;--wd-col-sm:2;--wd-gap-lg:10px;--wd-gap-sm:6px;\">\n\t\t\n\t\t\t\t\t\t\t\t<div class=\"wd-product wd-col wd-hover-tiled product-grid-item product type-product post-26447 status-publish instock product_cat-herren-hausmantel product_cat-morgenmaentel product_cat-warme-mantel product_cat-wolle-bademantel product_tag-custom-size-de product_tag-monogram-de has-post-thumbnail taxable shipping-taxable purchasable product-type-simple\" data-loop=\"1\" data-id=\"26447\">\n\t\n<div class=\"wd-product-wrapper product-wrapper\">\n\t<div class=\"wd-product-thumb product-element-top wd-quick-shop\">\n\t\t<a href=\"https:\/\/baturina-homewear.com\/de\/produkt\/herren-tracht-hausmantel-grauer-wolle-schwarzer-satin-mit-kordel-paspel\/\" class=\"wd-product-img-link product-image-link\" tabindex=\"-1\" aria-label=\"Herren Hausmantel Graue Wolle\">\n\t\t\t<img decoding=\"async\" width=\"200\" height=\"300\" src=\"https:\/\/baturina-homewear.com\/wp-content\/uploads\/2022\/06\/gray1-wool-dressing-gown-200x300.jpg\" class=\"attachment-200x300 size-200x300\" alt=\"Morgenmantel aus Wolle f\u00fcr Herren\" srcset=\"https:\/\/baturina-homewear.com\/wp-content\/uploads\/2022\/06\/gray1-wool-dressing-gown-200x300.jpg 200w, https:\/\/baturina-homewear.com\/wp-content\/uploads\/2022\/06\/gray1-wool-dressing-gown-683x1024.jpg 683w, https:\/\/baturina-homewear.com\/wp-content\/uploads\/2022\/06\/gray1-wool-dressing-gown-768x1152.jpg 768w, https:\/\/baturina-homewear.com\/wp-content\/uploads\/2022\/06\/gray1-wool-dressing-gown-370x555.jpg 370w, https:\/\/baturina-homewear.com\/wp-content\/uploads\/2022\/06\/gray1-wool-dressing-gown-670x1005.jpg 670w, https:\/\/baturina-homewear.com\/wp-content\/uploads\/2022\/06\/gray1-wool-dressing-gown-130x195.jpg 130w, https:\/\/baturina-homewear.com\/wp-content\/uploads\/2022\/06\/gray1-wool-dressing-gown-266x400.jpg 266w, https:\/\/baturina-homewear.com\/wp-content\/uploads\/2022\/06\/gray1-wool-dressing-gown-400x600.jpg 400w, https:\/\/baturina-homewear.com\/wp-content\/uploads\/2022\/06\/gray1-wool-dressing-gown.jpg 1000w\" sizes=\"(max-width: 200px) 100vw, 200px\" title=\"\">\t\t<\/a>\n\n\t\t\n\t\t<div class=\"wd-buttons wd-pos-r-t\">\n\t\t\t\t\t\t<div class=\"wd-add-btn wd-action-btn wd-style-icon wd-add-cart-icon\"><a href=\"https:\/\/baturina-homewear.com\/de\/produkt\/herren-tracht-hausmantel-grauer-wolle-schwarzer-satin-mit-kordel-paspel\/\" aria-describedby=\"woocommerce_loop_add_to_cart_link_describedby_26447\" data-quantity=\"1\" class=\"button product_type_simple add_to_cart_button add-to-cart-loop\" data-product_id=\"26447\" data-product_sku=\"93954\" aria-label=\"In den Warenkorb legen: \u201eHerren Hausmantel Graue Wolle\u201c\" rel=\"nofollow\" data-success_message=\"\u201eHerren Hausmantel Graue Wolle\u201c wurde deinem Warenkorb hinzugef\u00fcgt\"><span class=\"wd-action-icon\"><span class=\"wd-check-icon\"><\/span><\/span><span class=\"wd-action-text\">Ausf\u00fchrung w\u00e4hlen<\/span><\/a>\t<span id=\"woocommerce_loop_add_to_cart_link_describedby_26447\" class=\"screen-reader-text\">\n\t\t\t<\/span>\n<\/div>\n\t\t\t\t\t\t\t\t\t\t\t<\/div>\n\t<\/div>\n\n\t<div class=\"product-element-bottom\">\n\t\t<h3 class=\"wd-entities-title\"><a href=\"https:\/\/baturina-homewear.com\/de\/produkt\/herren-tracht-hausmantel-grauer-wolle-schwarzer-satin-mit-kordel-paspel\/\">Herren Hausmantel Graue Wolle<\/a><\/h3>\t\t\t\t\t\t\t\t\t\t\t\n\t\t\t\t<div class=\"star-rating\" role=\"img\" aria-label=\"Bewertet mit 5.00 von 5\">\n\t\t\t\t\t<span style=\"width:100%\">\n\t\t\tBewertet mit <strong class=\"rating\">5.00<\/strong> von 5\t\t<\/span>\n\t\t\t\t<\/div>\n\n\t\t\n\t\t\t\t\t\t\t\t\t\t\n\t<span class=\"price\"><span class=\"woocommerce-Price-amount amount\"><bdi><span class=\"woocommerce-Price-currencySymbol\">&#36;<\/span>665.64<\/bdi><\/span><span class=\"price-suffix\">Includes U.S. import taxes &amp; duties<\/span><\/span>\n\n\t\t<span class=\"gtm4wp_productdata\" style=\"display:none; visibility:hidden;\" data-gtm4wp_product_data=\"{&quot;internal_id&quot;:26447,&quot;item_id&quot;:26447,&quot;item_name&quot;:&quot;Herren Hausmantel Graue Wolle&quot;,&quot;sku&quot;:&quot;93954&quot;,&quot;price&quot;:665.64,&quot;stocklevel&quot;:null,&quot;stockstatus&quot;:&quot;instock&quot;,&quot;google_business_vertical&quot;:&quot;retail&quot;,&quot;item_category&quot;:&quot;Hausm\\u00e4ntel&quot;,&quot;id&quot;:26447,&quot;productlink&quot;:&quot;https:\\\/\\\/baturina-homewear.com\\\/de\\\/produkt\\\/herren-tracht-hausmantel-grauer-wolle-schwarzer-satin-mit-kordel-paspel\\\/&quot;,&quot;item_list_name&quot;:&quot;General Product List&quot;,&quot;index&quot;:2,&quot;product_type&quot;:&quot;simple&quot;,&quot;item_brand&quot;:&quot;&quot;}\"><\/span>\n\t\t\t\t\n\t\t\t<\/div>\n<\/div>\n<\/div>\n\t\t\t\t\t\t\t\t<div class=\"wd-product wd-col wd-hover-tiled product-grid-item product type-product post-48123 status-publish instock product_cat-herren-hausmantel product_cat-morgenmaentel product_cat-samt-bademantel product_cat-warme-mantel product_tag-custom-size-de product_tag-monogram-de has-post-thumbnail taxable shipping-taxable purchasable product-type-simple\" data-loop=\"2\" data-id=\"48123\">\n\t\n<div class=\"wd-product-wrapper product-wrapper\">\n\t<div class=\"wd-product-thumb product-element-top wd-quick-shop\">\n\t\t<a href=\"https:\/\/baturina-homewear.com\/de\/produkt\/herren-hausmantel-lila-violett-mit-kordelpaspeln-satin-futter-quasten\/\" class=\"wd-product-img-link product-image-link\" tabindex=\"-1\" aria-label=\"Herren Hausmantel aus lila Samt mit goldenen Kordelpaspeln, Satinfutter und Quasten\">\n\t\t\t<img decoding=\"async\" width=\"200\" height=\"300\" src=\"https:\/\/baturina-homewear.com\/wp-content\/uploads\/2023\/08\/purple-velvet-mens-robe-dressing-gown-a01-200x300.jpg\" class=\"attachment-200x300 size-200x300\" alt=\", Dressing Gowns and Pajamas by Baturina Homewear\" srcset=\"https:\/\/baturina-homewear.com\/wp-content\/uploads\/2023\/08\/purple-velvet-mens-robe-dressing-gown-a01-200x300.jpg 200w, https:\/\/baturina-homewear.com\/wp-content\/uploads\/2023\/08\/purple-velvet-mens-robe-dressing-gown-a01-683x1024.jpg 683w, https:\/\/baturina-homewear.com\/wp-content\/uploads\/2023\/08\/purple-velvet-mens-robe-dressing-gown-a01-768x1152.jpg 768w, https:\/\/baturina-homewear.com\/wp-content\/uploads\/2023\/08\/purple-velvet-mens-robe-dressing-gown-a01-740x1110.jpg 740w, https:\/\/baturina-homewear.com\/wp-content\/uploads\/2023\/08\/purple-velvet-mens-robe-dressing-gown-a01-370x555.jpg 370w, https:\/\/baturina-homewear.com\/wp-content\/uploads\/2023\/08\/purple-velvet-mens-robe-dressing-gown-a01-670x1005.jpg 670w, https:\/\/baturina-homewear.com\/wp-content\/uploads\/2023\/08\/purple-velvet-mens-robe-dressing-gown-a01-150x225.jpg 150w, https:\/\/baturina-homewear.com\/wp-content\/uploads\/2023\/08\/purple-velvet-mens-robe-dressing-gown-a01-400x600.jpg 400w, https:\/\/baturina-homewear.com\/wp-content\/uploads\/2023\/08\/purple-velvet-mens-robe-dressing-gown-a01.jpg 800w\" sizes=\"(max-width: 200px) 100vw, 200px\" title=\"\">\t\t<\/a>\n\n\t\t\n\t\t<div class=\"wd-buttons wd-pos-r-t\">\n\t\t\t\t\t\t<div class=\"wd-add-btn wd-action-btn wd-style-icon wd-add-cart-icon\"><a href=\"https:\/\/baturina-homewear.com\/de\/produkt\/herren-hausmantel-lila-violett-mit-kordelpaspeln-satin-futter-quasten\/\" aria-describedby=\"woocommerce_loop_add_to_cart_link_describedby_48123\" data-quantity=\"1\" class=\"button product_type_simple add_to_cart_button add-to-cart-loop\" data-product_id=\"48123\" data-product_sku=\"33246\" aria-label=\"In den Warenkorb legen: \u201eHerren Hausmantel aus lila Samt mit goldenen Kordelpaspeln, Satinfutter und Quasten\u201c\" rel=\"nofollow\" data-success_message=\"\u201eHerren Hausmantel aus lila Samt mit goldenen Kordelpaspeln, Satinfutter und Quasten\u201c wurde deinem Warenkorb hinzugef\u00fcgt\"><span class=\"wd-action-icon\"><span class=\"wd-check-icon\"><\/span><\/span><span class=\"wd-action-text\">Ausf\u00fchrung w\u00e4hlen<\/span><\/a>\t<span id=\"woocommerce_loop_add_to_cart_link_describedby_48123\" class=\"screen-reader-text\">\n\t\t\t<\/span>\n<\/div>\n\t\t\t\t\t\t\t\t\t\t\t<\/div>\n\t<\/div>\n\n\t<div class=\"product-element-bottom\">\n\t\t<h3 class=\"wd-entities-title\"><a href=\"https:\/\/baturina-homewear.com\/de\/produkt\/herren-hausmantel-lila-violett-mit-kordelpaspeln-satin-futter-quasten\/\">Herren Hausmantel aus lila Samt mit goldenen Kordelpaspeln, Satinfutter und Quasten<\/a><\/h3>\t\t\t\t\t\t\t\t\t\t\n\t<span class=\"price\"><span class=\"woocommerce-Price-amount amount\"><bdi><span class=\"woocommerce-Price-currencySymbol\">&#36;<\/span>751.92<\/bdi><\/span><span class=\"price-suffix\">Includes U.S. import taxes &amp; duties<\/span><\/span>\n\n\t\t<span class=\"gtm4wp_productdata\" style=\"display:none; visibility:hidden;\" data-gtm4wp_product_data=\"{&quot;internal_id&quot;:48123,&quot;item_id&quot;:48123,&quot;item_name&quot;:&quot;Herren Hausmantel aus lila Samt mit goldenen Kordelpaspeln, Satinfutter und Quasten&quot;,&quot;sku&quot;:&quot;33246&quot;,&quot;price&quot;:751.92,&quot;stocklevel&quot;:null,&quot;stockstatus&quot;:&quot;instock&quot;,&quot;google_business_vertical&quot;:&quot;retail&quot;,&quot;item_category&quot;:&quot;Hausm\\u00e4ntel&quot;,&quot;id&quot;:48123,&quot;productlink&quot;:&quot;https:\\\/\\\/baturina-homewear.com\\\/de\\\/produkt\\\/herren-hausmantel-lila-violett-mit-kordelpaspeln-satin-futter-quasten\\\/&quot;,&quot;item_list_name&quot;:&quot;General Product List&quot;,&quot;index&quot;:3,&quot;product_type&quot;:&quot;simple&quot;,&quot;item_brand&quot;:&quot;&quot;}\"><\/span>\n\t\t\t\t\n\t\t\t<\/div>\n<\/div>\n<\/div>\n\t\t\t\t\t\t\t\t<div class=\"wd-product wd-col wd-hover-tiled product-grid-item product type-product post-59728 status-publish last instock product_cat-morgenmaentel product_cat-herren-hausmantel product_cat-paisley-bademantel product_tag-custom-size-de product_tag-monogram-de has-post-thumbnail taxable shipping-taxable purchasable product-type-simple\" data-loop=\"3\" data-id=\"59728\">\n\t\n<div class=\"wd-product-wrapper product-wrapper\">\n\t<div class=\"wd-product-thumb product-element-top wd-quick-shop\">\n\t\t<a href=\"https:\/\/baturina-homewear.com\/de\/produkt\/herren-hausmantel-dunkelblau-weinrot-paisley-gesteppt-copy\/\" class=\"wd-product-img-link product-image-link\" tabindex=\"-1\" aria-label=\"Herren Hausmantel Dunkelblau Paisley Jacquard gesteppt mit goldenen Details\">\n\t\t\t<img decoding=\"async\" width=\"200\" height=\"300\" src=\"https:\/\/baturina-homewear.com\/wp-content\/uploads\/2026\/01\/navy-paisley-dressing-gown-quilted-200x300.jpg\" class=\"attachment-200x300 size-200x300\" alt=\", Dressing Gowns and Pajamas by Baturina Homewear\" srcset=\"https:\/\/baturina-homewear.com\/wp-content\/uploads\/2026\/01\/navy-paisley-dressing-gown-quilted-200x300.jpg 200w, https:\/\/baturina-homewear.com\/wp-content\/uploads\/2026\/01\/navy-paisley-dressing-gown-quilted-683x1024.jpg 683w, https:\/\/baturina-homewear.com\/wp-content\/uploads\/2026\/01\/navy-paisley-dressing-gown-quilted-768x1152.jpg 768w, https:\/\/baturina-homewear.com\/wp-content\/uploads\/2026\/01\/navy-paisley-dressing-gown-quilted-370x555.jpg 370w, https:\/\/baturina-homewear.com\/wp-content\/uploads\/2026\/01\/navy-paisley-dressing-gown-quilted-670x1005.jpg 670w, https:\/\/baturina-homewear.com\/wp-content\/uploads\/2026\/01\/navy-paisley-dressing-gown-quilted-150x225.jpg 150w, https:\/\/baturina-homewear.com\/wp-content\/uploads\/2026\/01\/navy-paisley-dressing-gown-quilted.jpg 800w\" sizes=\"(max-width: 200px) 100vw, 200px\" title=\"\">\t\t<\/a>\n\n\t\t\n\t\t<div class=\"wd-buttons wd-pos-r-t\">\n\t\t\t\t\t\t<div class=\"wd-add-btn wd-action-btn wd-style-icon wd-add-cart-icon\"><a href=\"https:\/\/baturina-homewear.com\/de\/produkt\/herren-hausmantel-dunkelblau-weinrot-paisley-gesteppt-copy\/\" aria-describedby=\"woocommerce_loop_add_to_cart_link_describedby_59728\" data-quantity=\"1\" class=\"button product_type_simple add_to_cart_button add-to-cart-loop\" data-product_id=\"59728\" data-product_sku=\"52136\" aria-label=\"In den Warenkorb legen: \u201eHerren Hausmantel Dunkelblau Paisley Jacquard gesteppt mit goldenen Details\u201c\" rel=\"nofollow\" data-success_message=\"\u201eHerren Hausmantel Dunkelblau Paisley Jacquard gesteppt mit goldenen Details\u201c wurde deinem Warenkorb hinzugef\u00fcgt\"><span class=\"wd-action-icon\"><span class=\"wd-check-icon\"><\/span><\/span><span class=\"wd-action-text\">Ausf\u00fchrung w\u00e4hlen<\/span><\/a>\t<span id=\"woocommerce_loop_add_to_cart_link_describedby_59728\" class=\"screen-reader-text\">\n\t\t\t<\/span>\n<\/div>\n\t\t\t\t\t\t\t\t\t\t\t<\/div>\n\t<\/div>\n\n\t<div class=\"product-element-bottom\">\n\t\t<h3 class=\"wd-entities-title\"><a href=\"https:\/\/baturina-homewear.com\/de\/produkt\/herren-hausmantel-dunkelblau-weinrot-paisley-gesteppt-copy\/\">Herren Hausmantel Dunkelblau Paisley Jacquard gesteppt mit goldenen Details<\/a><\/h3>\t\t\t\t\t\t\t\t\t\t\n\t<span class=\"price\"><span class=\"woocommerce-Price-amount amount\"><bdi><span class=\"woocommerce-Price-currencySymbol\">&#36;<\/span>665.64<\/bdi><\/span><span class=\"price-suffix\">Includes U.S. import taxes &amp; duties<\/span><\/span>\n\n\t\t<span class=\"gtm4wp_productdata\" style=\"display:none; visibility:hidden;\" data-gtm4wp_product_data=\"{&quot;internal_id&quot;:59728,&quot;item_id&quot;:59728,&quot;item_name&quot;:&quot;Herren Hausmantel Dunkelblau Paisley Jacquard gesteppt mit goldenen Details&quot;,&quot;sku&quot;:&quot;52136&quot;,&quot;price&quot;:665.64,&quot;stocklevel&quot;:null,&quot;stockstatus&quot;:&quot;instock&quot;,&quot;google_business_vertical&quot;:&quot;retail&quot;,&quot;item_category&quot;:&quot;Herren Morgenm\\u00e4ntel&quot;,&quot;id&quot;:59728,&quot;productlink&quot;:&quot;https:\\\/\\\/baturina-homewear.com\\\/de\\\/produkt\\\/herren-hausmantel-dunkelblau-weinrot-paisley-gesteppt-copy\\\/&quot;,&quot;item_list_name&quot;:&quot;General Product List&quot;,&quot;index&quot;:4,&quot;product_type&quot;:&quot;simple&quot;,&quot;item_brand&quot;:&quot;&quot;}\"><\/span>\n\t\t\t\t\n\t\t\t<\/div>\n<\/div>\n<\/div>\n\t\t\t\t\t\t\t\t<div class=\"wd-product wd-col wd-hover-tiled product-grid-item product type-product post-50198 status-publish first instock product_cat-herren-hausmantel product_cat-morgenmaentel product_cat-warme-mantel product_tag-custom-size-de product_tag-monogram-de has-post-thumbnail taxable shipping-taxable purchasable product-type-simple\" data-loop=\"4\" data-id=\"50198\">\n\t\n<div class=\"wd-product-wrapper product-wrapper\">\n\t<div class=\"wd-product-thumb product-element-top wd-quick-shop\">\n\t\t<a href=\"https:\/\/baturina-homewear.com\/de\/produkt\/herren-hausmantel-waldgruen-baumwolle-gesteppt-mit-gestreiften-kordelpaspeln-fleece\/\" class=\"wd-product-img-link product-image-link\" tabindex=\"-1\" aria-label=\"Herren Hausmantel Gr\u00fcn Klassisch Gesteppt Weiches Fleece\">\n\t\t\t<img decoding=\"async\" width=\"200\" height=\"300\" src=\"https:\/\/baturina-homewear.com\/wp-content\/uploads\/2023\/10\/green04-cotton-fleece-lined-dressing-gown-200x300.jpg\" class=\"attachment-200x300 size-200x300\" alt=\", Dressing Gowns and Pajamas by Baturina Homewear\" srcset=\"https:\/\/baturina-homewear.com\/wp-content\/uploads\/2023\/10\/green04-cotton-fleece-lined-dressing-gown-200x300.jpg 200w, https:\/\/baturina-homewear.com\/wp-content\/uploads\/2023\/10\/green04-cotton-fleece-lined-dressing-gown-683x1024.jpg 683w, https:\/\/baturina-homewear.com\/wp-content\/uploads\/2023\/10\/green04-cotton-fleece-lined-dressing-gown-768x1152.jpg 768w, https:\/\/baturina-homewear.com\/wp-content\/uploads\/2023\/10\/green04-cotton-fleece-lined-dressing-gown-740x1110.jpg 740w, https:\/\/baturina-homewear.com\/wp-content\/uploads\/2023\/10\/green04-cotton-fleece-lined-dressing-gown-370x555.jpg 370w, https:\/\/baturina-homewear.com\/wp-content\/uploads\/2023\/10\/green04-cotton-fleece-lined-dressing-gown-670x1005.jpg 670w, https:\/\/baturina-homewear.com\/wp-content\/uploads\/2023\/10\/green04-cotton-fleece-lined-dressing-gown-150x225.jpg 150w, https:\/\/baturina-homewear.com\/wp-content\/uploads\/2023\/10\/green04-cotton-fleece-lined-dressing-gown-266x400.jpg 266w, https:\/\/baturina-homewear.com\/wp-content\/uploads\/2023\/10\/green04-cotton-fleece-lined-dressing-gown-400x600.jpg 400w, https:\/\/baturina-homewear.com\/wp-content\/uploads\/2023\/10\/green04-cotton-fleece-lined-dressing-gown.jpg 800w\" sizes=\"(max-width: 200px) 100vw, 200px\" title=\"\">\t\t<\/a>\n\n\t\t\n\t\t<div class=\"wd-buttons wd-pos-r-t\">\n\t\t\t\t\t\t<div class=\"wd-add-btn wd-action-btn wd-style-icon wd-add-cart-icon\"><a href=\"https:\/\/baturina-homewear.com\/de\/produkt\/herren-hausmantel-waldgruen-baumwolle-gesteppt-mit-gestreiften-kordelpaspeln-fleece\/\" aria-describedby=\"woocommerce_loop_add_to_cart_link_describedby_50198\" data-quantity=\"1\" class=\"button product_type_simple add_to_cart_button add-to-cart-loop\" data-product_id=\"50198\" data-product_sku=\"35588\" aria-label=\"In den Warenkorb legen: \u201eHerren Hausmantel Gr\u00fcn Klassisch Gesteppt Weiches Fleece\u201c\" rel=\"nofollow\" data-success_message=\"\u201eHerren Hausmantel Gr\u00fcn Klassisch Gesteppt Weiches Fleece\u201c wurde deinem Warenkorb hinzugef\u00fcgt\"><span class=\"wd-action-icon\"><span class=\"wd-check-icon\"><\/span><\/span><span class=\"wd-action-text\">Ausf\u00fchrung w\u00e4hlen<\/span><\/a>\t<span id=\"woocommerce_loop_add_to_cart_link_describedby_50198\" class=\"screen-reader-text\">\n\t\t\t<\/span>\n<\/div>\n\t\t\t\t\t\t\t\t\t\t\t<\/div>\n\t<\/div>\n\n\t<div class=\"product-element-bottom\">\n\t\t<h3 class=\"wd-entities-title\"><a href=\"https:\/\/baturina-homewear.com\/de\/produkt\/herren-hausmantel-waldgruen-baumwolle-gesteppt-mit-gestreiften-kordelpaspeln-fleece\/\">Herren Hausmantel Gr\u00fcn Klassisch Gesteppt Weiches Fleece<\/a><\/h3>\t\t\t\t\t\t\t\t\t\t\n\t<span class=\"price\"><span class=\"woocommerce-Price-amount amount\"><bdi><span class=\"woocommerce-Price-currencySymbol\">&#36;<\/span>505.39<\/bdi><\/span><span class=\"price-suffix\">Includes U.S. import taxes &amp; duties<\/span><\/span>\n\n\t\t<span class=\"gtm4wp_productdata\" style=\"display:none; visibility:hidden;\" data-gtm4wp_product_data=\"{&quot;internal_id&quot;:50198,&quot;item_id&quot;:50198,&quot;item_name&quot;:&quot;Herren Hausmantel Gr\\u00fcn Klassisch Gesteppt Weiches Fleece&quot;,&quot;sku&quot;:&quot;35588&quot;,&quot;price&quot;:505.39,&quot;stocklevel&quot;:0,&quot;stockstatus&quot;:&quot;instock&quot;,&quot;google_business_vertical&quot;:&quot;retail&quot;,&quot;item_category&quot;:&quot;Hausm\\u00e4ntel&quot;,&quot;id&quot;:50198,&quot;productlink&quot;:&quot;https:\\\/\\\/baturina-homewear.com\\\/de\\\/produkt\\\/herren-hausmantel-waldgruen-baumwolle-gesteppt-mit-gestreiften-kordelpaspeln-fleece\\\/&quot;,&quot;item_list_name&quot;:&quot;General Product List&quot;,&quot;index&quot;:5,&quot;product_type&quot;:&quot;simple&quot;,&quot;item_brand&quot;:&quot;&quot;}\"><\/span>\n\t\t\t\t\n\t\t\t<\/div>\n<\/div>\n<\/div>\n\t\t\t\t\t\t\t\t<div class=\"wd-product wd-col wd-hover-tiled product-grid-item product type-product post-54630 status-publish instock product_cat-bademantel product_cat-herren-hausmantel product_cat-warme-mantel product_tag-custom-size-de product_tag-monogram-de has-post-thumbnail taxable shipping-taxable purchasable product-type-simple\" data-loop=\"5\" data-id=\"54630\">\n\t\n<div class=\"wd-product-wrapper product-wrapper\">\n\t<div class=\"wd-product-thumb product-element-top wd-quick-shop\">\n\t\t<a href=\"https:\/\/baturina-homewear.com\/de\/produkt\/herren-morgenmantel-extra-weich-aus-fleece-waldgruen-kuschelig-warm-mit-gestreiften-kordelpaspeln\/\" class=\"wd-product-img-link product-image-link\" tabindex=\"-1\" aria-label=\"Herren Morgenmantel aus weichem Pl\u00fcsch, waldgr\u00fcnem Fleece mit gestreiften Kordelpaspeln, extra warm\">\n\t\t\t<img decoding=\"async\" width=\"200\" height=\"300\" src=\"https:\/\/baturina-homewear.com\/wp-content\/uploads\/2025\/03\/green-fleece-robe4-200x300.jpg\" class=\"attachment-200x300 size-200x300\" alt=\", Dressing Gowns and Pajamas by Baturina Homewear\" srcset=\"https:\/\/baturina-homewear.com\/wp-content\/uploads\/2025\/03\/green-fleece-robe4-200x300.jpg 200w, https:\/\/baturina-homewear.com\/wp-content\/uploads\/2025\/03\/green-fleece-robe4-683x1024.jpg 683w, https:\/\/baturina-homewear.com\/wp-content\/uploads\/2025\/03\/green-fleece-robe4-768x1152.jpg 768w, https:\/\/baturina-homewear.com\/wp-content\/uploads\/2025\/03\/green-fleece-robe4-370x555.jpg 370w, https:\/\/baturina-homewear.com\/wp-content\/uploads\/2025\/03\/green-fleece-robe4-670x1005.jpg 670w, https:\/\/baturina-homewear.com\/wp-content\/uploads\/2025\/03\/green-fleece-robe4-150x225.jpg 150w, https:\/\/baturina-homewear.com\/wp-content\/uploads\/2025\/03\/green-fleece-robe4-400x600.jpg 400w, https:\/\/baturina-homewear.com\/wp-content\/uploads\/2025\/03\/green-fleece-robe4-300x450.jpg 300w, https:\/\/baturina-homewear.com\/wp-content\/uploads\/2025\/03\/green-fleece-robe4.jpg 800w\" sizes=\"(max-width: 200px) 100vw, 200px\" title=\"\">\t\t<\/a>\n\n\t\t\n\t\t<div class=\"wd-buttons wd-pos-r-t\">\n\t\t\t\t\t\t<div class=\"wd-add-btn wd-action-btn wd-style-icon wd-add-cart-icon\"><a href=\"https:\/\/baturina-homewear.com\/de\/produkt\/herren-morgenmantel-extra-weich-aus-fleece-waldgruen-kuschelig-warm-mit-gestreiften-kordelpaspeln\/\" aria-describedby=\"woocommerce_loop_add_to_cart_link_describedby_54630\" data-quantity=\"1\" class=\"button product_type_simple add_to_cart_button add-to-cart-loop\" data-product_id=\"54630\" data-product_sku=\"97815\" aria-label=\"In den Warenkorb legen: \u201eHerren Morgenmantel aus weichem Pl\u00fcsch, waldgr\u00fcnem Fleece mit gestreiften Kordelpaspeln, extra warm\u201c\" rel=\"nofollow\" data-success_message=\"\u201eHerren Morgenmantel aus weichem Pl\u00fcsch, waldgr\u00fcnem Fleece mit gestreiften Kordelpaspeln, extra warm\u201c wurde deinem Warenkorb hinzugef\u00fcgt\"><span class=\"wd-action-icon\"><span class=\"wd-check-icon\"><\/span><\/span><span class=\"wd-action-text\">Ausf\u00fchrung w\u00e4hlen<\/span><\/a>\t<span id=\"woocommerce_loop_add_to_cart_link_describedby_54630\" class=\"screen-reader-text\">\n\t\t\t<\/span>\n<\/div>\n\t\t\t\t\t\t\t\t\t\t\t<\/div>\n\t<\/div>\n\n\t<div class=\"product-element-bottom\">\n\t\t<h3 class=\"wd-entities-title\"><a href=\"https:\/\/baturina-homewear.com\/de\/produkt\/herren-morgenmantel-extra-weich-aus-fleece-waldgruen-kuschelig-warm-mit-gestreiften-kordelpaspeln\/\">Herren Morgenmantel aus weichem Pl\u00fcsch, waldgr\u00fcnem Fleece mit gestreiften Kordelpaspeln, extra warm<\/a><\/h3>\t\t\t\t\t\t\t\t\t\t\n\t<span class=\"price\"><span class=\"woocommerce-Price-amount amount\"><bdi><span class=\"woocommerce-Price-currencySymbol\">&#36;<\/span>406.78<\/bdi><\/span><span class=\"price-suffix\">Includes U.S. import taxes &amp; duties<\/span><\/span>\n\n\t\t<span class=\"gtm4wp_productdata\" style=\"display:none; visibility:hidden;\" data-gtm4wp_product_data=\"{&quot;internal_id&quot;:54630,&quot;item_id&quot;:54630,&quot;item_name&quot;:&quot;Herren Morgenmantel aus weichem Pl\\u00fcsch, waldgr\\u00fcnem Fleece mit gestreiften Kordelpaspeln, extra warm&quot;,&quot;sku&quot;:&quot;97815&quot;,&quot;price&quot;:406.78,&quot;stocklevel&quot;:null,&quot;stockstatus&quot;:&quot;instock&quot;,&quot;google_business_vertical&quot;:&quot;retail&quot;,&quot;item_category&quot;:&quot;Badem\\u00e4ntel&quot;,&quot;id&quot;:54630,&quot;productlink&quot;:&quot;https:\\\/\\\/baturina-homewear.com\\\/de\\\/produkt\\\/herren-morgenmantel-extra-weich-aus-fleece-waldgruen-kuschelig-warm-mit-gestreiften-kordelpaspeln\\\/&quot;,&quot;item_list_name&quot;:&quot;General Product List&quot;,&quot;index&quot;:6,&quot;product_type&quot;:&quot;simple&quot;,&quot;item_brand&quot;:&quot;&quot;}\"><\/span>\n\t\t\t\t\n\t\t\t<\/div>\n<\/div>\n<\/div>\n\t\t\t\t\t\t\t\t<div class=\"wd-product wd-col wd-hover-tiled product-grid-item product type-product post-26442 status-publish instock product_cat-herren-hausmantel product_cat-morgenmaentel product_cat-samt-bademantel product_cat-warme-mantel product_tag-custom-size-de product_tag-monogram-de has-post-thumbnail taxable shipping-taxable purchasable product-type-simple\" data-loop=\"6\" data-id=\"26442\">\n\t\n<div class=\"wd-product-wrapper product-wrapper\">\n\t<div class=\"wd-product-thumb product-element-top wd-quick-shop\">\n\t\t<a href=\"https:\/\/baturina-homewear.com\/de\/produkt\/herren-hausmantel-oliv-gruner-baumwollsamt-fein-gesteppt-mit-goldenen-satin-kordel-paspeln-quasten\/\" class=\"wd-product-img-link product-image-link\" tabindex=\"-1\" aria-label=\"Herren Hausmantel Olivgr\u00fcn Baumwolle Samt\">\n\t\t\t<img decoding=\"async\" width=\"200\" height=\"300\" src=\"https:\/\/baturina-homewear.com\/wp-content\/uploads\/2024\/11\/olive-quilted-velvet-robe-men-200x300.jpg\" class=\"attachment-200x300 size-200x300\" alt=\", Dressing Gowns and Pajamas by Baturina Homewear\" srcset=\"https:\/\/baturina-homewear.com\/wp-content\/uploads\/2024\/11\/olive-quilted-velvet-robe-men-200x300.jpg 200w, https:\/\/baturina-homewear.com\/wp-content\/uploads\/2024\/11\/olive-quilted-velvet-robe-men-683x1024.jpg 683w, https:\/\/baturina-homewear.com\/wp-content\/uploads\/2024\/11\/olive-quilted-velvet-robe-men-768x1152.jpg 768w, https:\/\/baturina-homewear.com\/wp-content\/uploads\/2024\/11\/olive-quilted-velvet-robe-men-370x555.jpg 370w, https:\/\/baturina-homewear.com\/wp-content\/uploads\/2024\/11\/olive-quilted-velvet-robe-men-670x1005.jpg 670w, https:\/\/baturina-homewear.com\/wp-content\/uploads\/2024\/11\/olive-quilted-velvet-robe-men-150x225.jpg 150w, https:\/\/baturina-homewear.com\/wp-content\/uploads\/2024\/11\/olive-quilted-velvet-robe-men-400x600.jpg 400w, https:\/\/baturina-homewear.com\/wp-content\/uploads\/2024\/11\/olive-quilted-velvet-robe-men.jpg 800w\" sizes=\"(max-width: 200px) 100vw, 200px\" title=\"\">\t\t<\/a>\n\n\t\t\n\t\t<div class=\"wd-buttons wd-pos-r-t\">\n\t\t\t\t\t\t<div class=\"wd-add-btn wd-action-btn wd-style-icon wd-add-cart-icon\"><a href=\"https:\/\/baturina-homewear.com\/de\/produkt\/herren-hausmantel-oliv-gruner-baumwollsamt-fein-gesteppt-mit-goldenen-satin-kordel-paspeln-quasten\/\" aria-describedby=\"woocommerce_loop_add_to_cart_link_describedby_26442\" data-quantity=\"1\" class=\"button product_type_simple add_to_cart_button add-to-cart-loop\" data-product_id=\"26442\" data-product_sku=\"77425\" aria-label=\"In den Warenkorb legen: \u201eHerren Hausmantel Olivgr\u00fcn Baumwolle Samt\u201c\" rel=\"nofollow\" data-success_message=\"\u201eHerren Hausmantel Olivgr\u00fcn Baumwolle Samt\u201c wurde deinem Warenkorb hinzugef\u00fcgt\"><span class=\"wd-action-icon\"><span class=\"wd-check-icon\"><\/span><\/span><span class=\"wd-action-text\">Ausf\u00fchrung w\u00e4hlen<\/span><\/a>\t<span id=\"woocommerce_loop_add_to_cart_link_describedby_26442\" class=\"screen-reader-text\">\n\t\t\t<\/span>\n<\/div>\n\t\t\t\t\t\t\t\t\t\t\t<\/div>\n\t<\/div>\n\n\t<div class=\"product-element-bottom\">\n\t\t<h3 class=\"wd-entities-title\"><a href=\"https:\/\/baturina-homewear.com\/de\/produkt\/herren-hausmantel-oliv-gruner-baumwollsamt-fein-gesteppt-mit-goldenen-satin-kordel-paspeln-quasten\/\">Herren Hausmantel Olivgr\u00fcn Baumwolle Samt<\/a><\/h3>\t\t\t\t\t\t\t\t\t\t\t\n\t\t\t\t<div class=\"star-rating\" role=\"img\" aria-label=\"Bewertet mit 5.00 von 5\">\n\t\t\t\t\t<span style=\"width:100%\">\n\t\t\tBewertet mit <strong class=\"rating\">5.00<\/strong> von 5\t\t<\/span>\n\t\t\t\t<\/div>\n\n\t\t\n\t\t\t\t\t\t\t\t\t\t\n\t<span class=\"price\"><span class=\"woocommerce-Price-amount amount\"><bdi><span class=\"woocommerce-Price-currencySymbol\">&#36;<\/span>751.92<\/bdi><\/span><span class=\"price-suffix\">Includes U.S. import taxes &amp; duties<\/span><\/span>\n\n\t\t<span class=\"gtm4wp_productdata\" style=\"display:none; visibility:hidden;\" data-gtm4wp_product_data=\"{&quot;internal_id&quot;:26442,&quot;item_id&quot;:26442,&quot;item_name&quot;:&quot;Herren Hausmantel Olivgr\\u00fcn Baumwolle Samt&quot;,&quot;sku&quot;:&quot;77425&quot;,&quot;price&quot;:751.92,&quot;stocklevel&quot;:null,&quot;stockstatus&quot;:&quot;instock&quot;,&quot;google_business_vertical&quot;:&quot;retail&quot;,&quot;item_category&quot;:&quot;Hausm\\u00e4ntel&quot;,&quot;id&quot;:26442,&quot;productlink&quot;:&quot;https:\\\/\\\/baturina-homewear.com\\\/de\\\/produkt\\\/herren-hausmantel-oliv-gruner-baumwollsamt-fein-gesteppt-mit-goldenen-satin-kordel-paspeln-quasten\\\/&quot;,&quot;item_list_name&quot;:&quot;General Product List&quot;,&quot;index&quot;:7,&quot;product_type&quot;:&quot;simple&quot;,&quot;item_brand&quot;:&quot;&quot;}\"><\/span>\n\t\t\t\t\n\t\t\t<\/div>\n<\/div>\n<\/div>\n\t\t\t\t\t\t\t\t<div class=\"wd-product wd-col wd-hover-tiled product-grid-item product type-product post-65403 status-publish last instock product_cat-herren-hausmantel product_cat-morgenmaentel product_cat-limited-edition-de product_tag-custom-size-de product_tag-monogram-de has-post-thumbnail taxable shipping-taxable purchasable product-type-simple\" data-loop=\"7\" data-id=\"65403\">\n\t\n<div class=\"wd-product-wrapper product-wrapper\">\n\t<div class=\"wd-product-thumb product-element-top wd-quick-shop\">\n\t\t<a href=\"https:\/\/baturina-homewear.com\/de\/produkt\/herren-hausmantel-weinrot-samt-schwarz-weis-gemustert-baumwolle-copy-copy\/\" class=\"wd-product-img-link product-image-link\" tabindex=\"-1\" aria-label=\"Herren Hausmantel lila Samt schwarz-wei\u00df gemustert Baumwolle\">\n\t\t\t<img decoding=\"async\" width=\"200\" height=\"300\" src=\"https:\/\/baturina-homewear.com\/wp-content\/uploads\/2025\/01\/purple5-black-and-white-jacquard-medallion-velvet-robe-200x300.jpg\" class=\"attachment-200x300 size-200x300\" alt=\", Dressing Gowns and Pajamas by Baturina Homewear\" srcset=\"https:\/\/baturina-homewear.com\/wp-content\/uploads\/2025\/01\/purple5-black-and-white-jacquard-medallion-velvet-robe-200x300.jpg 200w, https:\/\/baturina-homewear.com\/wp-content\/uploads\/2025\/01\/purple5-black-and-white-jacquard-medallion-velvet-robe-683x1024.jpg 683w, https:\/\/baturina-homewear.com\/wp-content\/uploads\/2025\/01\/purple5-black-and-white-jacquard-medallion-velvet-robe-768x1152.jpg 768w, https:\/\/baturina-homewear.com\/wp-content\/uploads\/2025\/01\/purple5-black-and-white-jacquard-medallion-velvet-robe-370x555.jpg 370w, https:\/\/baturina-homewear.com\/wp-content\/uploads\/2025\/01\/purple5-black-and-white-jacquard-medallion-velvet-robe-670x1005.jpg 670w, https:\/\/baturina-homewear.com\/wp-content\/uploads\/2025\/01\/purple5-black-and-white-jacquard-medallion-velvet-robe-150x225.jpg 150w, https:\/\/baturina-homewear.com\/wp-content\/uploads\/2025\/01\/purple5-black-and-white-jacquard-medallion-velvet-robe-400x600.jpg 400w, https:\/\/baturina-homewear.com\/wp-content\/uploads\/2025\/01\/purple5-black-and-white-jacquard-medallion-velvet-robe.jpg 800w\" sizes=\"(max-width: 200px) 100vw, 200px\" title=\"\">\t\t<\/a>\n\n\t\t\n\t\t<div class=\"wd-buttons wd-pos-r-t\">\n\t\t\t\t\t\t<div class=\"wd-add-btn wd-action-btn wd-style-icon wd-add-cart-icon\"><a href=\"https:\/\/baturina-homewear.com\/de\/produkt\/herren-hausmantel-weinrot-samt-schwarz-weis-gemustert-baumwolle-copy-copy\/\" aria-describedby=\"woocommerce_loop_add_to_cart_link_describedby_65403\" data-quantity=\"1\" class=\"button product_type_simple add_to_cart_button add-to-cart-loop\" data-product_id=\"65403\" data-product_sku=\"62512\" aria-label=\"In den Warenkorb legen: \u201eHerren Hausmantel lila Samt schwarz-wei\u00df gemustert Baumwolle\u201c\" rel=\"nofollow\" data-success_message=\"\u201eHerren Hausmantel lila Samt schwarz-wei\u00df gemustert Baumwolle\u201c wurde deinem Warenkorb hinzugef\u00fcgt\"><span class=\"wd-action-icon\"><span class=\"wd-check-icon\"><\/span><\/span><span class=\"wd-action-text\">Ausf\u00fchrung w\u00e4hlen<\/span><\/a>\t<span id=\"woocommerce_loop_add_to_cart_link_describedby_65403\" class=\"screen-reader-text\">\n\t\t\t<\/span>\n<\/div>\n\t\t\t\t\t\t\t\t\t\t\t<\/div>\n\t<\/div>\n\n\t<div class=\"product-element-bottom\">\n\t\t<h3 class=\"wd-entities-title\"><a href=\"https:\/\/baturina-homewear.com\/de\/produkt\/herren-hausmantel-weinrot-samt-schwarz-weis-gemustert-baumwolle-copy-copy\/\">Herren Hausmantel lila Samt schwarz-wei\u00df gemustert Baumwolle<\/a><\/h3>\t\t\t\t\t\t\t\t\t\t\n\t<span class=\"price\"><span class=\"woocommerce-Price-amount amount\"><bdi><span class=\"woocommerce-Price-currencySymbol\">&#36;<\/span>505.39<\/bdi><\/span><span class=\"price-suffix\">Includes U.S. import taxes &amp; duties<\/span><\/span>\n\n\t\t<span class=\"gtm4wp_productdata\" style=\"display:none; visibility:hidden;\" data-gtm4wp_product_data=\"{&quot;internal_id&quot;:65403,&quot;item_id&quot;:65403,&quot;item_name&quot;:&quot;Herren Hausmantel lila Samt schwarz-wei\\u00df gemustert Baumwolle&quot;,&quot;sku&quot;:&quot;62512&quot;,&quot;price&quot;:505.39,&quot;stocklevel&quot;:null,&quot;stockstatus&quot;:&quot;instock&quot;,&quot;google_business_vertical&quot;:&quot;retail&quot;,&quot;item_category&quot;:&quot;Hausm\\u00e4ntel&quot;,&quot;id&quot;:65403,&quot;productlink&quot;:&quot;https:\\\/\\\/baturina-homewear.com\\\/de\\\/produkt\\\/herren-hausmantel-weinrot-samt-schwarz-weis-gemustert-baumwolle-copy-copy\\\/&quot;,&quot;item_list_name&quot;:&quot;General Product List&quot;,&quot;index&quot;:8,&quot;product_type&quot;:&quot;simple&quot;,&quot;item_brand&quot;:&quot;&quot;}\"><\/span>\n\t\t\t\t\n\t\t\t<\/div>\n<\/div>\n<\/div>\n\t\t\t\t\t\t\t\t<div class=\"wd-product wd-col wd-hover-tiled product-grid-item product type-product post-78708 status-publish first instock product_cat-lagerverkauf product_cat-herren-hausmantel product_cat-morgenmaentel has-post-thumbnail taxable shipping-taxable purchasable product-type-variable has-default-attributes\" data-loop=\"8\" data-id=\"78708\">\n\t\n<div class=\"wd-product-wrapper product-wrapper\">\n\t<div class=\"wd-product-thumb product-element-top wd-quick-shop\">\n\t\t<a href=\"https:\/\/baturina-homewear.com\/de\/produkt\/herren-hausmantel-dracula\/\" class=\"wd-product-img-link product-image-link\" tabindex=\"-1\" aria-label=\"Herren Morgenmantel Dracula\">\n\t\t\t<img decoding=\"async\" width=\"200\" height=\"300\" src=\"https:\/\/baturina-homewear.com\/wp-content\/uploads\/2026\/01\/dracula-dressing-gown-200x300.jpg\" class=\"attachment-200x300 size-200x300\" alt=\", Dressing Gowns and Pajamas by Baturina Homewear\" srcset=\"https:\/\/baturina-homewear.com\/wp-content\/uploads\/2026\/01\/dracula-dressing-gown-200x300.jpg 200w, https:\/\/baturina-homewear.com\/wp-content\/uploads\/2026\/01\/dracula-dressing-gown-683x1024.jpg 683w, https:\/\/baturina-homewear.com\/wp-content\/uploads\/2026\/01\/dracula-dressing-gown-768x1152.jpg 768w, https:\/\/baturina-homewear.com\/wp-content\/uploads\/2026\/01\/dracula-dressing-gown-370x555.jpg 370w, https:\/\/baturina-homewear.com\/wp-content\/uploads\/2026\/01\/dracula-dressing-gown-670x1005.jpg 670w, https:\/\/baturina-homewear.com\/wp-content\/uploads\/2026\/01\/dracula-dressing-gown-150x225.jpg 150w, https:\/\/baturina-homewear.com\/wp-content\/uploads\/2026\/01\/dracula-dressing-gown.jpg 800w\" sizes=\"(max-width: 200px) 100vw, 200px\" title=\"\">\t\t<\/a>\n\n\t\t\n\t\t<div class=\"wd-buttons wd-pos-r-t\">\n\t\t\t\t\t\t<div class=\"wd-add-btn wd-action-btn wd-style-icon wd-add-cart-icon\"><a href=\"https:\/\/baturina-homewear.com\/de\/produkt\/herren-hausmantel-dracula\/\" aria-describedby=\"woocommerce_loop_add_to_cart_link_describedby_78708\" data-quantity=\"1\" class=\"button product_type_variable add_to_cart_button add-to-cart-loop\" data-product_id=\"78708\" data-product_sku=\"45677\" aria-label=\"W\u00e4hle Optionen f\u00fcr \u201eHerren Morgenmantel Dracula\u201c\" rel=\"nofollow\"><span class=\"wd-action-icon\"><span class=\"wd-check-icon\"><\/span><\/span><span class=\"wd-action-text\">Ausf\u00fchrung w\u00e4hlen<\/span><\/a>\t<span id=\"woocommerce_loop_add_to_cart_link_describedby_78708\" class=\"screen-reader-text\">\n\t\tDieses Produkt weist mehrere Varianten auf. Die Optionen k\u00f6nnen auf der Produktseite gew\u00e4hlt werden\t<\/span>\n<\/div>\n\t\t\t\t\t\t\t\t\t\t\t<\/div>\n\t<\/div>\n\n\t<div class=\"product-element-bottom\">\n\t\t<h3 class=\"wd-entities-title\"><a href=\"https:\/\/baturina-homewear.com\/de\/produkt\/herren-hausmantel-dracula\/\">Herren Morgenmantel Dracula<\/a><\/h3>\t\t\t\t<div class=\"wd-swatches-grid wd-swatches-product wd-swatches-attr wd-bg-style-4 wd-text-style-4 wd-dis-style-3 wd-size-large wd-shape-square\">\t\t\t<div class=\"wd-swatch wd-tooltip wd-text\" >\n\t\t\t\t\t\t\t\t<span class=\"wd-swatch-text\">\n\t\t\t\t\tM\t\t\t\t<\/span>\n\t\t\t<\/div>\n\t\t\t<\/div>\t\t\t\t\t\t\n\t<span class=\"price\"><span class=\"woocommerce-Price-amount amount\"><bdi><span class=\"woocommerce-Price-currencySymbol\">&#36;<\/span>751.92<\/bdi><\/span><span class=\"price-suffix\">Includes U.S. import taxes &amp; duties<\/span><\/span>\n\n\t\t<span class=\"gtm4wp_productdata\" style=\"display:none; visibility:hidden;\" data-gtm4wp_product_data=\"{&quot;internal_id&quot;:78708,&quot;item_id&quot;:78708,&quot;item_name&quot;:&quot;Herren Morgenmantel Dracula&quot;,&quot;sku&quot;:&quot;45677&quot;,&quot;price&quot;:751.92,&quot;stocklevel&quot;:null,&quot;stockstatus&quot;:&quot;instock&quot;,&quot;google_business_vertical&quot;:&quot;retail&quot;,&quot;item_category&quot;:&quot;Lagerverkauf&quot;,&quot;id&quot;:78708,&quot;productlink&quot;:&quot;https:\\\/\\\/baturina-homewear.com\\\/de\\\/produkt\\\/herren-hausmantel-dracula\\\/&quot;,&quot;item_list_name&quot;:&quot;General Product List&quot;,&quot;index&quot;:9,&quot;product_type&quot;:&quot;variable&quot;,&quot;item_brand&quot;:&quot;&quot;}\"><\/span>\n\t\t\t\t\n\t\t\t<\/div>\n<\/div>\n<\/div>\n\t\t\n\t\t\t\t<\/div>\n\t\n\t\t\n\t\t\t\t\t\t\t\t\t\t\t\t\t\t\t\t\t\t<div class=\"wd-loop-footer products-footer\">\n\t\t\t\t\t\t\t\t\t\t<a href=\"#\" rel=\"nofollow noopener\" class=\"btn wd-load-more wd-products-load-more load-on-click\"><span class=\"load-more-label\">Mehr Produkte laden<\/span><\/a>\n\t\t\t\t\t<div class=\"btn wd-load-more wd-load-more-loader\"><span class=\"load-more-loading\">Laden...<\/span><\/div>\n\t\t\t\t<\/div>\n\t\t\t\t\t\t\t\t\t\t\t\n\t\t\t\t\t<\/div>\n\t\t\n\t\t\t\t\t\t<\/div>\n\t\t\t\t<\/div>\n\t\t\t\t<div class=\"elementor-element elementor-element-e0515a2 color-scheme-inherit text-left elementor-widget elementor-widget-text-editor\" data-id=\"e0515a2\" data-element_type=\"widget\" data-e-type=\"widget\" data-widget_type=\"text-editor.default\">\n\t\t\t\t<div class=\"elementor-widget-container\">\n\t\t\t\t\t\t\t\t\t<h2>Wie man einen Bademantel tr\u00e4gt<\/h2>\n<p>Der Zweck eines Bademantels ist es, sich nach dem Baden oder Duschen warm und bequem zuzudecken. Badem\u00e4ntel werden in der Regel aus saugf\u00e4higen Materialien wie Baumwolle oder Frottee hergestellt, die das Abtrocknen des K\u00f6rpers nach dem Baden unterst\u00fctzen k\u00f6nnen. <a href=\"https:\/\/baturina-homewear.com\/de\/produkt\/herren-bademantel-baumwoll-waffel-pique-blau\/\">Waffelpiqu\u00e9-Baumwolle<\/a> ist besonders wasserabsorbierend und angenehm auf der Haut.<\/p>\n<p>Badem\u00e4ntel gibt es in einer Vielzahl von Ausf\u00fchrungen und Materialien, von leicht und atmungsaktiv bis hin zu dick und pl\u00fcschig, wie unser <a href=\"https:\/\/baturina-homewear.com\/de\/produkt\/herren-bademantel-oliv-grun-samt\/\">weicher Chenille-Baumwollsamt<\/a>. Einige M\u00e4ntel k\u00f6nnen auch zus\u00e4tzliche Eigenschaften wie Taschen, Kapuzen oder G\u00fcrtel f\u00fcr zus\u00e4tzlichen Komfort und Bequemlichkeit haben. Der Zweck eines Bademantels besteht darin, nach dem Baden einen kuscheligen und bequemen \u00dcberzug zu bieten und ein vielseitiges und praktisches Kleidungsst\u00fcck f\u00fcr den Aufenthalt im Haus zu sein.<\/p>\n\t\t\t\t\t\t\t\t<\/div>\n\t\t\t\t<\/div>\n\t\t\t\t<div class=\"elementor-element elementor-element-c2b5aea wd-width-100 elementor-widget elementor-widget-wd_products\" data-id=\"c2b5aea\" data-element_type=\"widget\" data-e-type=\"widget\" data-widget_type=\"wd_products.default\">\n\t\t\t\t<div class=\"elementor-widget-container\">\n\t\t\t\t\t\t\t\t\t\t<div class=\"wd-products-element with-title\">\n\n\t\t\t\t\t\t\t<h4 class=\"wd-el-title title element-title\">Badem\u00e4ntel bestellen<\/h4>\t\t\t\n\t\t\t\n\t\t\t\n\t\t\t<div class=\"products wd-products pagination-more-btn grid-columns-4 elements-grid wd-grid-g wd-loop-builder-off title-line-two wd-stretch-cont-lg\" data-paged=\"1\" data-atts=\"{&quot;speed&quot;:null,&quot;slides_per_view&quot;:null,&quot;wrap&quot;:null,&quot;autoplay&quot;:null,&quot;autoheight&quot;:null,&quot;hide_pagination_control&quot;:null,&quot;dynamic_pagination_control&quot;:null,&quot;hide_prev_next_buttons&quot;:null,&quot;carousel_arrows_position&quot;:null,&quot;hide_scrollbar&quot;:null,&quot;scroll_per_page&quot;:null,&quot;center_mode&quot;:null,&quot;spacing&quot;:&quot;&quot;,&quot;carousel_sync&quot;:null,&quot;sync_parent_id&quot;:null,&quot;sync_child_id&quot;:null,&quot;scroll_carousel_init&quot;:null,&quot;disable_overflow_carousel&quot;:null,&quot;element_title&quot;:&quot;Badem\\u00e4ntel bestellen&quot;,&quot;include&quot;:null,&quot;taxonomies&quot;:[&quot;661&quot;],&quot;orderby&quot;:&quot;rand&quot;,&quot;meta_key&quot;:null,&quot;shop_tools&quot;:null,&quot;hide_out_of_stock&quot;:&quot;yes&quot;,&quot;ajax_recently_viewed&quot;:null,&quot;pagination&quot;:&quot;more-btn&quot;,&quot;pagination_arrows_position&quot;:null,&quot;items_per_page&quot;:8,&quot;list_spacing&quot;:null,&quot;columns&quot;:{&quot;unit&quot;:&quot;px&quot;,&quot;size&quot;:4,&quot;sizes&quot;:[]},&quot;products_masonry&quot;:&quot;&quot;,&quot;products_different_sizes&quot;:&quot;&quot;,&quot;product_quantity&quot;:&quot;&quot;,&quot;product_custom_hover&quot;:null,&quot;sale_countdown&quot;:&quot;0&quot;,&quot;stretch_product&quot;:null,&quot;stock_progress_bar&quot;:&quot;0&quot;,&quot;highlighted_products&quot;:&quot;0&quot;,&quot;products_divider&quot;:null,&quot;products_bordered_grid&quot;:&quot;0&quot;,&quot;products_bordered_grid_style&quot;:null,&quot;products_with_background&quot;:&quot;0&quot;,&quot;products_shadow&quot;:&quot;0&quot;,&quot;img_size&quot;:&quot;large&quot;,&quot;img_size_custom&quot;:null,&quot;grid_gallery_control&quot;:null,&quot;grid_gallery_enable_arrows&quot;:null,&quot;elementor&quot;:true,&quot;force_not_ajax&quot;:&quot;no&quot;}\" data-source=\"shortcode\" data-columns=\"4\" style=\"--wd-col-lg:4;--wd-col-md:4;--wd-col-sm:2;--wd-gap-lg:10px;--wd-gap-sm:6px;\">\n\t\t\n\t\t\t\t\t\t\t\t<div class=\"wd-product wd-col wd-hover-tiled product-grid-item product type-product post-54632 status-publish instock product_cat-bademantel product_cat-herren-hausmantel product_cat-warme-mantel product_tag-custom-size-de product_tag-monogram-de has-post-thumbnail taxable shipping-taxable purchasable product-type-simple\" data-loop=\"1\" data-id=\"54632\">\n\t\n<div class=\"wd-product-wrapper product-wrapper\">\n\t<div class=\"wd-product-thumb product-element-top wd-quick-shop\">\n\t\t<a href=\"https:\/\/baturina-homewear.com\/de\/produkt\/herren-morgenmantel-extra-weich-aus-fleece-terrakotta-orange-kuschelig-warm-mit-gestreiften-kordelpaspeln\/\" class=\"wd-product-img-link product-image-link\" tabindex=\"-1\" aria-label=\"Herren Morgenmantel aus weichem Pl\u00fcsch in Orange mit gestreiftem Kordelpaspel extra warm\">\n\t\t\t<img decoding=\"async\" width=\"683\" height=\"1024\" src=\"https:\/\/baturina-homewear.com\/wp-content\/uploads\/2024\/05\/orange1-fleece-dressing-gown-robe-extra-warm-683x1024.jpg\" class=\"attachment-large size-large\" alt=\", Dressing Gowns and Pajamas by Baturina Homewear\" srcset=\"https:\/\/baturina-homewear.com\/wp-content\/uploads\/2024\/05\/orange1-fleece-dressing-gown-robe-extra-warm-683x1024.jpg 683w, https:\/\/baturina-homewear.com\/wp-content\/uploads\/2024\/05\/orange1-fleece-dressing-gown-robe-extra-warm-200x300.jpg 200w, https:\/\/baturina-homewear.com\/wp-content\/uploads\/2024\/05\/orange1-fleece-dressing-gown-robe-extra-warm-768x1152.jpg 768w, https:\/\/baturina-homewear.com\/wp-content\/uploads\/2024\/05\/orange1-fleece-dressing-gown-robe-extra-warm-370x555.jpg 370w, https:\/\/baturina-homewear.com\/wp-content\/uploads\/2024\/05\/orange1-fleece-dressing-gown-robe-extra-warm-670x1005.jpg 670w, https:\/\/baturina-homewear.com\/wp-content\/uploads\/2024\/05\/orange1-fleece-dressing-gown-robe-extra-warm-150x225.jpg 150w, https:\/\/baturina-homewear.com\/wp-content\/uploads\/2024\/05\/orange1-fleece-dressing-gown-robe-extra-warm-400x600.jpg 400w, https:\/\/baturina-homewear.com\/wp-content\/uploads\/2024\/05\/orange1-fleece-dressing-gown-robe-extra-warm-267x400.jpg 267w, https:\/\/baturina-homewear.com\/wp-content\/uploads\/2024\/05\/orange1-fleece-dressing-gown-robe-extra-warm.jpg 800w\" sizes=\"(max-width: 683px) 100vw, 683px\" title=\"\">\t\t<\/a>\n\n\t\t\n\t\t<div class=\"wd-buttons wd-pos-r-t\">\n\t\t\t\t\t\t<div class=\"wd-add-btn wd-action-btn wd-style-icon wd-add-cart-icon\"><a href=\"https:\/\/baturina-homewear.com\/de\/produkt\/herren-morgenmantel-extra-weich-aus-fleece-terrakotta-orange-kuschelig-warm-mit-gestreiften-kordelpaspeln\/\" aria-describedby=\"woocommerce_loop_add_to_cart_link_describedby_54632\" data-quantity=\"1\" class=\"button product_type_simple add_to_cart_button add-to-cart-loop\" data-product_id=\"54632\" data-product_sku=\"12639\" aria-label=\"In den Warenkorb legen: \u201eHerren Morgenmantel aus weichem Pl\u00fcsch in Orange mit gestreiftem Kordelpaspel extra warm\u201c\" rel=\"nofollow\" data-success_message=\"\u201eHerren Morgenmantel aus weichem Pl\u00fcsch in Orange mit gestreiftem Kordelpaspel extra warm\u201c wurde deinem Warenkorb hinzugef\u00fcgt\"><span class=\"wd-action-icon\"><span class=\"wd-check-icon\"><\/span><\/span><span class=\"wd-action-text\">Ausf\u00fchrung w\u00e4hlen<\/span><\/a>\t<span id=\"woocommerce_loop_add_to_cart_link_describedby_54632\" class=\"screen-reader-text\">\n\t\t\t<\/span>\n<\/div>\n\t\t\t\t\t\t\t\t\t\t\t<\/div>\n\t<\/div>\n\n\t<div class=\"product-element-bottom\">\n\t\t<h3 class=\"wd-entities-title\"><a href=\"https:\/\/baturina-homewear.com\/de\/produkt\/herren-morgenmantel-extra-weich-aus-fleece-terrakotta-orange-kuschelig-warm-mit-gestreiften-kordelpaspeln\/\">Herren Morgenmantel aus weichem Pl\u00fcsch in Orange mit gestreiftem Kordelpaspel extra warm<\/a><\/h3>\t\t\t\t\t\t\t\t\t\t\n\t<span class=\"price\"><span class=\"woocommerce-Price-amount amount\"><bdi><span class=\"woocommerce-Price-currencySymbol\">&#36;<\/span>406.78<\/bdi><\/span><span class=\"price-suffix\">Includes U.S. import taxes &amp; duties<\/span><\/span>\n\n\t\t<span class=\"gtm4wp_productdata\" style=\"display:none; visibility:hidden;\" data-gtm4wp_product_data=\"{&quot;internal_id&quot;:54632,&quot;item_id&quot;:54632,&quot;item_name&quot;:&quot;Herren Morgenmantel aus weichem Pl\\u00fcsch in Orange mit gestreiftem Kordelpaspel extra warm&quot;,&quot;sku&quot;:&quot;12639&quot;,&quot;price&quot;:406.78,&quot;stocklevel&quot;:null,&quot;stockstatus&quot;:&quot;instock&quot;,&quot;google_business_vertical&quot;:&quot;retail&quot;,&quot;item_category&quot;:&quot;Badem\\u00e4ntel&quot;,&quot;id&quot;:54632,&quot;productlink&quot;:&quot;https:\\\/\\\/baturina-homewear.com\\\/de\\\/produkt\\\/herren-morgenmantel-extra-weich-aus-fleece-terrakotta-orange-kuschelig-warm-mit-gestreiften-kordelpaspeln\\\/&quot;,&quot;item_list_name&quot;:&quot;General Product List&quot;,&quot;index&quot;:2,&quot;product_type&quot;:&quot;simple&quot;,&quot;item_brand&quot;:&quot;&quot;}\"><\/span>\n\t\t\t\t\n\t\t\t<\/div>\n<\/div>\n<\/div>\n\t\t\t\t\t\t\t\t<div class=\"wd-product wd-col wd-hover-tiled product-grid-item product type-product post-62391 status-publish instock product_cat-limited-edition-de product_cat-bademantel product_cat-herren-hausmantel product_cat-morgenmaentel product_cat-warme-mantel product_tag-custom-size-de product_tag-monogram-de has-post-thumbnail featured taxable shipping-taxable purchasable product-type-simple\" data-loop=\"2\" data-id=\"62391\">\n\t\n<div class=\"wd-product-wrapper product-wrapper\">\n\t<div class=\"wd-product-thumb product-element-top wd-quick-shop\">\n\t\t<a href=\"https:\/\/baturina-homewear.com\/de\/produkt\/herren-morgenmantel-lemon-cotton-fleece\/\" class=\"wd-product-img-link product-image-link\" tabindex=\"-1\" aria-label=\"Herren Morgenmantel Lemon Cotton Fleece\">\n\t\t\t<img decoding=\"async\" width=\"683\" height=\"1024\" src=\"https:\/\/baturina-homewear.com\/wp-content\/uploads\/2024\/11\/lemon-dressing-gown-yellow-fleece-robe-fun-print-683x1024.jpg\" class=\"attachment-large size-large\" alt=\", Dressing Gowns and Pajamas by Baturina Homewear\" srcset=\"https:\/\/baturina-homewear.com\/wp-content\/uploads\/2024\/11\/lemon-dressing-gown-yellow-fleece-robe-fun-print-683x1024.jpg 683w, https:\/\/baturina-homewear.com\/wp-content\/uploads\/2024\/11\/lemon-dressing-gown-yellow-fleece-robe-fun-print-200x300.jpg 200w, https:\/\/baturina-homewear.com\/wp-content\/uploads\/2024\/11\/lemon-dressing-gown-yellow-fleece-robe-fun-print-768x1152.jpg 768w, https:\/\/baturina-homewear.com\/wp-content\/uploads\/2024\/11\/lemon-dressing-gown-yellow-fleece-robe-fun-print-370x555.jpg 370w, https:\/\/baturina-homewear.com\/wp-content\/uploads\/2024\/11\/lemon-dressing-gown-yellow-fleece-robe-fun-print-670x1005.jpg 670w, https:\/\/baturina-homewear.com\/wp-content\/uploads\/2024\/11\/lemon-dressing-gown-yellow-fleece-robe-fun-print-150x225.jpg 150w, https:\/\/baturina-homewear.com\/wp-content\/uploads\/2024\/11\/lemon-dressing-gown-yellow-fleece-robe-fun-print-400x600.jpg 400w, https:\/\/baturina-homewear.com\/wp-content\/uploads\/2024\/11\/lemon-dressing-gown-yellow-fleece-robe-fun-print.jpg 800w\" sizes=\"(max-width: 683px) 100vw, 683px\" title=\"\">\t\t<\/a>\n\n\t\t\n\t\t<div class=\"wd-buttons wd-pos-r-t\">\n\t\t\t\t\t\t<div class=\"wd-add-btn wd-action-btn wd-style-icon wd-add-cart-icon\"><a href=\"https:\/\/baturina-homewear.com\/de\/produkt\/herren-morgenmantel-lemon-cotton-fleece\/\" aria-describedby=\"woocommerce_loop_add_to_cart_link_describedby_62391\" data-quantity=\"1\" class=\"button product_type_simple add_to_cart_button add-to-cart-loop\" data-product_id=\"62391\" data-product_sku=\"36312\" aria-label=\"In den Warenkorb legen: \u201eHerren Morgenmantel Lemon Cotton Fleece\u201c\" rel=\"nofollow\" data-success_message=\"\u201eHerren Morgenmantel Lemon Cotton Fleece\u201c wurde deinem Warenkorb hinzugef\u00fcgt\"><span class=\"wd-action-icon\"><span class=\"wd-check-icon\"><\/span><\/span><span class=\"wd-action-text\">Ausf\u00fchrung w\u00e4hlen<\/span><\/a>\t<span id=\"woocommerce_loop_add_to_cart_link_describedby_62391\" class=\"screen-reader-text\">\n\t\t\t<\/span>\n<\/div>\n\t\t\t\t\t\t\t\t\t\t\t<\/div>\n\t<\/div>\n\n\t<div class=\"product-element-bottom\">\n\t\t<h3 class=\"wd-entities-title\"><a href=\"https:\/\/baturina-homewear.com\/de\/produkt\/herren-morgenmantel-lemon-cotton-fleece\/\">Herren Morgenmantel Lemon Cotton Fleece<\/a><\/h3>\t\t\t\t\t\t\t\t\t\t\n\t<span class=\"price\"><span class=\"woocommerce-Price-amount amount\"><bdi><span class=\"woocommerce-Price-currencySymbol\">&#36;<\/span>505.39<\/bdi><\/span><span class=\"price-suffix\">Includes U.S. import taxes &amp; duties<\/span><\/span>\n\n\t\t<span class=\"gtm4wp_productdata\" style=\"display:none; visibility:hidden;\" data-gtm4wp_product_data=\"{&quot;internal_id&quot;:62391,&quot;item_id&quot;:62391,&quot;item_name&quot;:&quot;Herren Morgenmantel Lemon Cotton Fleece&quot;,&quot;sku&quot;:&quot;36312&quot;,&quot;price&quot;:505.39,&quot;stocklevel&quot;:null,&quot;stockstatus&quot;:&quot;instock&quot;,&quot;google_business_vertical&quot;:&quot;retail&quot;,&quot;item_category&quot;:&quot;Limited Edition&quot;,&quot;id&quot;:62391,&quot;productlink&quot;:&quot;https:\\\/\\\/baturina-homewear.com\\\/de\\\/produkt\\\/herren-morgenmantel-lemon-cotton-fleece\\\/&quot;,&quot;item_list_name&quot;:&quot;General Product List&quot;,&quot;index&quot;:3,&quot;product_type&quot;:&quot;simple&quot;,&quot;item_brand&quot;:&quot;&quot;}\"><\/span>\n\t\t\t\t\n\t\t\t<\/div>\n<\/div>\n<\/div>\n\t\t\t\t\t\t\t\t<div class=\"wd-product wd-col wd-hover-tiled product-grid-item product type-product post-61750 status-publish last instock product_cat-morgenmaentel product_cat-bademantel product_cat-herren-hausmantel product_cat-warme-mantel product_cat-winter-lounge product_tag-custom-size-de product_tag-monogram-de has-post-thumbnail taxable shipping-taxable purchasable product-type-simple\" data-loop=\"3\" data-id=\"61750\">\n\t\n<div class=\"wd-product-wrapper product-wrapper\">\n\t<div class=\"wd-product-thumb product-element-top wd-quick-shop\">\n\t\t<a href=\"https:\/\/baturina-homewear.com\/de\/produkt\/herren-morgenmantel-aus-weichem-pluesch-dunkelblau-burgund-fleece-extra-warm\/\" class=\"wd-product-img-link product-image-link\" tabindex=\"-1\" aria-label=\"Herren Morgenmantel aus weichem Pl\u00fcsch Dunkelblau Burgund Fleece Extra Warm\">\n\t\t\t<img decoding=\"async\" width=\"683\" height=\"1024\" src=\"https:\/\/baturina-homewear.com\/wp-content\/uploads\/2026\/01\/03burgundy-navy-1-fleece-dressing-gown-robe-extra-warm-683x1024.jpg\" class=\"attachment-large size-large\" alt=\", Dressing Gowns and Pajamas by Baturina Homewear\" srcset=\"https:\/\/baturina-homewear.com\/wp-content\/uploads\/2026\/01\/03burgundy-navy-1-fleece-dressing-gown-robe-extra-warm-683x1024.jpg 683w, https:\/\/baturina-homewear.com\/wp-content\/uploads\/2026\/01\/03burgundy-navy-1-fleece-dressing-gown-robe-extra-warm-200x300.jpg 200w, https:\/\/baturina-homewear.com\/wp-content\/uploads\/2026\/01\/03burgundy-navy-1-fleece-dressing-gown-robe-extra-warm-768x1152.jpg 768w, https:\/\/baturina-homewear.com\/wp-content\/uploads\/2026\/01\/03burgundy-navy-1-fleece-dressing-gown-robe-extra-warm-370x555.jpg 370w, https:\/\/baturina-homewear.com\/wp-content\/uploads\/2026\/01\/03burgundy-navy-1-fleece-dressing-gown-robe-extra-warm-670x1005.jpg 670w, https:\/\/baturina-homewear.com\/wp-content\/uploads\/2026\/01\/03burgundy-navy-1-fleece-dressing-gown-robe-extra-warm-150x225.jpg 150w, https:\/\/baturina-homewear.com\/wp-content\/uploads\/2026\/01\/03burgundy-navy-1-fleece-dressing-gown-robe-extra-warm.jpg 800w\" sizes=\"(max-width: 683px) 100vw, 683px\" title=\"\">\t\t<\/a>\n\n\t\t\n\t\t<div class=\"wd-buttons wd-pos-r-t\">\n\t\t\t\t\t\t<div class=\"wd-add-btn wd-action-btn wd-style-icon wd-add-cart-icon\"><a href=\"https:\/\/baturina-homewear.com\/de\/produkt\/herren-morgenmantel-aus-weichem-pluesch-dunkelblau-burgund-fleece-extra-warm\/\" aria-describedby=\"woocommerce_loop_add_to_cart_link_describedby_61750\" data-quantity=\"1\" class=\"button product_type_simple add_to_cart_button add-to-cart-loop\" data-product_id=\"61750\" data-product_sku=\"76738\" aria-label=\"In den Warenkorb legen: \u201eHerren Morgenmantel aus weichem Pl\u00fcsch Dunkelblau Burgund Fleece Extra Warm\u201c\" rel=\"nofollow\" data-success_message=\"\u201eHerren Morgenmantel aus weichem Pl\u00fcsch Dunkelblau Burgund Fleece Extra Warm\u201c wurde deinem Warenkorb hinzugef\u00fcgt\"><span class=\"wd-action-icon\"><span class=\"wd-check-icon\"><\/span><\/span><span class=\"wd-action-text\">Ausf\u00fchrung w\u00e4hlen<\/span><\/a>\t<span id=\"woocommerce_loop_add_to_cart_link_describedby_61750\" class=\"screen-reader-text\">\n\t\t\t<\/span>\n<\/div>\n\t\t\t\t\t\t\t\t\t\t\t<\/div>\n\t<\/div>\n\n\t<div class=\"product-element-bottom\">\n\t\t<h3 class=\"wd-entities-title\"><a href=\"https:\/\/baturina-homewear.com\/de\/produkt\/herren-morgenmantel-aus-weichem-pluesch-dunkelblau-burgund-fleece-extra-warm\/\">Herren Morgenmantel aus weichem Pl\u00fcsch Dunkelblau Burgund Fleece Extra Warm<\/a><\/h3>\t\t\t\t\t\t\t\t\t\t\n\t<span class=\"price\"><span class=\"woocommerce-Price-amount amount\"><bdi><span class=\"woocommerce-Price-currencySymbol\">&#36;<\/span>406.78<\/bdi><\/span><span class=\"price-suffix\">Includes U.S. import taxes &amp; duties<\/span><\/span>\n\n\t\t<span class=\"gtm4wp_productdata\" style=\"display:none; visibility:hidden;\" data-gtm4wp_product_data=\"{&quot;internal_id&quot;:61750,&quot;item_id&quot;:61750,&quot;item_name&quot;:&quot;Herren Morgenmantel aus weichem Pl\\u00fcsch Dunkelblau Burgund Fleece Extra Warm&quot;,&quot;sku&quot;:&quot;76738&quot;,&quot;price&quot;:406.78,&quot;stocklevel&quot;:null,&quot;stockstatus&quot;:&quot;instock&quot;,&quot;google_business_vertical&quot;:&quot;retail&quot;,&quot;item_category&quot;:&quot;Herren Morgenm\\u00e4ntel&quot;,&quot;id&quot;:61750,&quot;productlink&quot;:&quot;https:\\\/\\\/baturina-homewear.com\\\/de\\\/produkt\\\/herren-morgenmantel-aus-weichem-pluesch-dunkelblau-burgund-fleece-extra-warm\\\/&quot;,&quot;item_list_name&quot;:&quot;General Product List&quot;,&quot;index&quot;:4,&quot;product_type&quot;:&quot;simple&quot;,&quot;item_brand&quot;:&quot;&quot;}\"><\/span>\n\t\t\t\t\n\t\t\t<\/div>\n<\/div>\n<\/div>\n\t\t\t\t\t\t\t\t<div class=\"wd-product wd-col wd-hover-tiled product-grid-item product type-product post-54089 status-publish first instock product_cat-bademantel product_cat-herren-hausmantel product_cat-warme-mantel product_cat-winter-lounge product_tag-custom-size-de has-post-thumbnail taxable shipping-taxable purchasable product-type-simple\" data-loop=\"4\" data-id=\"54089\">\n\t\n<div class=\"wd-product-wrapper product-wrapper\">\n\t<div class=\"wd-product-thumb product-element-top wd-quick-shop\">\n\t\t<a href=\"https:\/\/baturina-homewear.com\/de\/produkt\/herren-hausmantel-aus-fleece-dunkelblau\/\" class=\"wd-product-img-link product-image-link\" tabindex=\"-1\" aria-label=\"Herren Morgenmantel aus weichem Pl\u00fcsch Dunkelblau Fleece\">\n\t\t\t<img decoding=\"async\" width=\"683\" height=\"1024\" src=\"https:\/\/baturina-homewear.com\/wp-content\/uploads\/2024\/04\/navy01-1-fleece-dressing-gown-robe-extra-warm-683x1024.jpg\" class=\"attachment-large size-large\" alt=\", Dressing Gowns and Pajamas by Baturina Homewear\" srcset=\"https:\/\/baturina-homewear.com\/wp-content\/uploads\/2024\/04\/navy01-1-fleece-dressing-gown-robe-extra-warm-683x1024.jpg 683w, https:\/\/baturina-homewear.com\/wp-content\/uploads\/2024\/04\/navy01-1-fleece-dressing-gown-robe-extra-warm-200x300.jpg 200w, https:\/\/baturina-homewear.com\/wp-content\/uploads\/2024\/04\/navy01-1-fleece-dressing-gown-robe-extra-warm-768x1152.jpg 768w, https:\/\/baturina-homewear.com\/wp-content\/uploads\/2024\/04\/navy01-1-fleece-dressing-gown-robe-extra-warm-740x1110.jpg 740w, https:\/\/baturina-homewear.com\/wp-content\/uploads\/2024\/04\/navy01-1-fleece-dressing-gown-robe-extra-warm-370x555.jpg 370w, https:\/\/baturina-homewear.com\/wp-content\/uploads\/2024\/04\/navy01-1-fleece-dressing-gown-robe-extra-warm-670x1005.jpg 670w, https:\/\/baturina-homewear.com\/wp-content\/uploads\/2024\/04\/navy01-1-fleece-dressing-gown-robe-extra-warm-150x225.jpg 150w, https:\/\/baturina-homewear.com\/wp-content\/uploads\/2024\/04\/navy01-1-fleece-dressing-gown-robe-extra-warm-400x600.jpg 400w, https:\/\/baturina-homewear.com\/wp-content\/uploads\/2024\/04\/navy01-1-fleece-dressing-gown-robe-extra-warm-266x400.jpg 266w, https:\/\/baturina-homewear.com\/wp-content\/uploads\/2024\/04\/navy01-1-fleece-dressing-gown-robe-extra-warm.jpg 800w\" sizes=\"(max-width: 683px) 100vw, 683px\" title=\"\">\t\t<\/a>\n\n\t\t\n\t\t<div class=\"wd-buttons wd-pos-r-t\">\n\t\t\t\t\t\t<div class=\"wd-add-btn wd-action-btn wd-style-icon wd-add-cart-icon\"><a href=\"https:\/\/baturina-homewear.com\/de\/produkt\/herren-hausmantel-aus-fleece-dunkelblau\/\" aria-describedby=\"woocommerce_loop_add_to_cart_link_describedby_54089\" data-quantity=\"1\" class=\"button product_type_simple add_to_cart_button add-to-cart-loop\" data-product_id=\"54089\" data-product_sku=\"61734\" aria-label=\"In den Warenkorb legen: \u201eHerren Morgenmantel aus weichem Pl\u00fcsch Dunkelblau Fleece\u201c\" rel=\"nofollow\" data-success_message=\"\u201eHerren Morgenmantel aus weichem Pl\u00fcsch Dunkelblau Fleece\u201c wurde deinem Warenkorb hinzugef\u00fcgt\"><span class=\"wd-action-icon\"><span class=\"wd-check-icon\"><\/span><\/span><span class=\"wd-action-text\">Ausf\u00fchrung w\u00e4hlen<\/span><\/a>\t<span id=\"woocommerce_loop_add_to_cart_link_describedby_54089\" class=\"screen-reader-text\">\n\t\t\t<\/span>\n<\/div>\n\t\t\t\t\t\t\t\t\t\t\t<\/div>\n\t<\/div>\n\n\t<div class=\"product-element-bottom\">\n\t\t<h3 class=\"wd-entities-title\"><a href=\"https:\/\/baturina-homewear.com\/de\/produkt\/herren-hausmantel-aus-fleece-dunkelblau\/\">Herren Morgenmantel aus weichem Pl\u00fcsch Dunkelblau Fleece<\/a><\/h3>\t\t\t\t\t\t\t\t\t\t\n\t<span class=\"price\"><span class=\"woocommerce-Price-amount amount\"><bdi><span class=\"woocommerce-Price-currencySymbol\">&#36;<\/span>406.78<\/bdi><\/span><span class=\"price-suffix\">Includes U.S. import taxes &amp; duties<\/span><\/span>\n\n\t\t<span class=\"gtm4wp_productdata\" style=\"display:none; visibility:hidden;\" data-gtm4wp_product_data=\"{&quot;internal_id&quot;:54089,&quot;item_id&quot;:54089,&quot;item_name&quot;:&quot;Herren Morgenmantel aus weichem Pl\\u00fcsch Dunkelblau Fleece&quot;,&quot;sku&quot;:&quot;61734&quot;,&quot;price&quot;:406.78,&quot;stocklevel&quot;:3,&quot;stockstatus&quot;:&quot;instock&quot;,&quot;google_business_vertical&quot;:&quot;retail&quot;,&quot;item_category&quot;:&quot;Badem\\u00e4ntel&quot;,&quot;id&quot;:54089,&quot;productlink&quot;:&quot;https:\\\/\\\/baturina-homewear.com\\\/de\\\/produkt\\\/herren-hausmantel-aus-fleece-dunkelblau\\\/&quot;,&quot;item_list_name&quot;:&quot;General Product List&quot;,&quot;index&quot;:5,&quot;product_type&quot;:&quot;simple&quot;,&quot;item_brand&quot;:&quot;&quot;}\"><\/span>\n\t\t\t\t\n\t\t\t<\/div>\n<\/div>\n<\/div>\n\t\t\t\t\t\t\t\t<div class=\"wd-product wd-col wd-hover-tiled product-grid-item product type-product post-69761 status-publish instock product_cat-morgenmaentel product_cat-bademantel product_cat-sommer-mantel product_cat-herren-hausmantel product_cat-kollektionen product_cat-sommer-entspannung product_tag-custom-size-de product_tag-monogram-de has-post-thumbnail taxable shipping-taxable purchasable product-type-simple\" data-loop=\"5\" data-id=\"69761\">\n\t\n<div class=\"wd-product-wrapper product-wrapper\">\n\t<div class=\"wd-product-thumb product-element-top wd-quick-shop\">\n\t\t<a href=\"https:\/\/baturina-homewear.com\/de\/produkt\/herren-morgenmantel-aus-leinen-creme-dunkelblau-weiss-gestreift-gepaspelt-hausmantel\/\" class=\"wd-product-img-link product-image-link\" tabindex=\"-1\" aria-label=\"Herren Morgenmantel aus Leinen Creme Dunkelblau Wei\u00df gestreift gepaspelt Hausmantel\">\n\t\t\t<img decoding=\"async\" width=\"683\" height=\"1024\" src=\"https:\/\/baturina-homewear.com\/wp-content\/uploads\/2025\/07\/1linen-robe-683x1024.jpg\" class=\"attachment-large size-large\" alt=\", Dressing Gowns and Pajamas by Baturina Homewear\" srcset=\"https:\/\/baturina-homewear.com\/wp-content\/uploads\/2025\/07\/1linen-robe-683x1024.jpg 683w, https:\/\/baturina-homewear.com\/wp-content\/uploads\/2025\/07\/1linen-robe-200x300.jpg 200w, https:\/\/baturina-homewear.com\/wp-content\/uploads\/2025\/07\/1linen-robe-768x1152.jpg 768w, https:\/\/baturina-homewear.com\/wp-content\/uploads\/2025\/07\/1linen-robe-370x555.jpg 370w, https:\/\/baturina-homewear.com\/wp-content\/uploads\/2025\/07\/1linen-robe-670x1005.jpg 670w, https:\/\/baturina-homewear.com\/wp-content\/uploads\/2025\/07\/1linen-robe-150x225.jpg 150w, https:\/\/baturina-homewear.com\/wp-content\/uploads\/2025\/07\/1linen-robe.jpg 800w\" sizes=\"(max-width: 683px) 100vw, 683px\" title=\"\">\t\t<\/a>\n\n\t\t\n\t\t<div class=\"wd-buttons wd-pos-r-t\">\n\t\t\t\t\t\t<div class=\"wd-add-btn wd-action-btn wd-style-icon wd-add-cart-icon\"><a href=\"https:\/\/baturina-homewear.com\/de\/produkt\/herren-morgenmantel-aus-leinen-creme-dunkelblau-weiss-gestreift-gepaspelt-hausmantel\/\" aria-describedby=\"woocommerce_loop_add_to_cart_link_describedby_69761\" data-quantity=\"1\" class=\"button product_type_simple add_to_cart_button add-to-cart-loop\" data-product_id=\"69761\" data-product_sku=\"55781\" aria-label=\"In den Warenkorb legen: \u201eHerren Morgenmantel aus Leinen Creme Dunkelblau Wei\u00df gestreift gepaspelt Hausmantel\u201c\" rel=\"nofollow\" data-success_message=\"\u201eHerren Morgenmantel aus Leinen Creme Dunkelblau Wei\u00df gestreift gepaspelt Hausmantel\u201c wurde deinem Warenkorb hinzugef\u00fcgt\"><span class=\"wd-action-icon\"><span class=\"wd-check-icon\"><\/span><\/span><span class=\"wd-action-text\">Ausf\u00fchrung w\u00e4hlen<\/span><\/a>\t<span id=\"woocommerce_loop_add_to_cart_link_describedby_69761\" class=\"screen-reader-text\">\n\t\t\t<\/span>\n<\/div>\n\t\t\t\t\t\t\t\t\t\t\t<\/div>\n\t<\/div>\n\n\t<div class=\"product-element-bottom\">\n\t\t<h3 class=\"wd-entities-title\"><a href=\"https:\/\/baturina-homewear.com\/de\/produkt\/herren-morgenmantel-aus-leinen-creme-dunkelblau-weiss-gestreift-gepaspelt-hausmantel\/\">Herren Morgenmantel aus Leinen Creme Dunkelblau Wei\u00df gestreift gepaspelt Hausmantel<\/a><\/h3>\t\t\t\t\t\t\t\t\t\t\n\t<span class=\"price\"><span class=\"woocommerce-Price-amount amount\"><bdi><span class=\"woocommerce-Price-currencySymbol\">&#36;<\/span>616.33<\/bdi><\/span><span class=\"price-suffix\">Includes U.S. import taxes &amp; duties<\/span><\/span>\n\n\t\t<span class=\"gtm4wp_productdata\" style=\"display:none; visibility:hidden;\" data-gtm4wp_product_data=\"{&quot;internal_id&quot;:69761,&quot;item_id&quot;:69761,&quot;item_name&quot;:&quot;Herren Morgenmantel aus Leinen Creme Dunkelblau Wei\\u00df gestreift gepaspelt Hausmantel&quot;,&quot;sku&quot;:&quot;55781&quot;,&quot;price&quot;:616.33,&quot;stocklevel&quot;:null,&quot;stockstatus&quot;:&quot;instock&quot;,&quot;google_business_vertical&quot;:&quot;retail&quot;,&quot;item_category&quot;:&quot;Herren Morgenm\\u00e4ntel&quot;,&quot;id&quot;:69761,&quot;productlink&quot;:&quot;https:\\\/\\\/baturina-homewear.com\\\/de\\\/produkt\\\/herren-morgenmantel-aus-leinen-creme-dunkelblau-weiss-gestreift-gepaspelt-hausmantel\\\/&quot;,&quot;item_list_name&quot;:&quot;General Product List&quot;,&quot;index&quot;:6,&quot;product_type&quot;:&quot;simple&quot;,&quot;item_brand&quot;:&quot;&quot;}\"><\/span>\n\t\t\t\t\n\t\t\t<\/div>\n<\/div>\n<\/div>\n\t\t\t\t\t\t\t\t<div class=\"wd-product wd-col wd-hover-tiled product-grid-item product type-product post-66632 status-publish instock product_cat-morgenmaentel product_cat-bademantel product_cat-herren-hausmantel product_cat-limited-edition-de product_tag-custom-size-de product_tag-monogram-de has-post-thumbnail taxable shipping-taxable purchasable product-type-simple\" data-loop=\"6\" data-id=\"66632\">\n\t\n<div class=\"wd-product-wrapper product-wrapper\">\n\t<div class=\"wd-product-thumb product-element-top wd-quick-shop\">\n\t\t<a href=\"https:\/\/baturina-homewear.com\/de\/produkt\/goldenflare-jacquard-hausmantel\/\" class=\"wd-product-img-link product-image-link\" tabindex=\"-1\" aria-label=\"Herren Hausmantel Rot-Orange Jacquard mit Dunkelblauem Frottee-Futter\">\n\t\t\t<img decoding=\"async\" width=\"683\" height=\"1024\" src=\"https:\/\/baturina-homewear.com\/wp-content\/uploads\/2025\/02\/red1-royal-blue-olive-green-baroque-jacquard-terry-cloth-robe-683x1024.jpg\" class=\"attachment-large size-large\" alt=\", Dressing Gowns and Pajamas by Baturina Homewear\" srcset=\"https:\/\/baturina-homewear.com\/wp-content\/uploads\/2025\/02\/red1-royal-blue-olive-green-baroque-jacquard-terry-cloth-robe-683x1024.jpg 683w, https:\/\/baturina-homewear.com\/wp-content\/uploads\/2025\/02\/red1-royal-blue-olive-green-baroque-jacquard-terry-cloth-robe-200x300.jpg 200w, https:\/\/baturina-homewear.com\/wp-content\/uploads\/2025\/02\/red1-royal-blue-olive-green-baroque-jacquard-terry-cloth-robe-768x1152.jpg 768w, https:\/\/baturina-homewear.com\/wp-content\/uploads\/2025\/02\/red1-royal-blue-olive-green-baroque-jacquard-terry-cloth-robe-370x555.jpg 370w, https:\/\/baturina-homewear.com\/wp-content\/uploads\/2025\/02\/red1-royal-blue-olive-green-baroque-jacquard-terry-cloth-robe-670x1005.jpg 670w, https:\/\/baturina-homewear.com\/wp-content\/uploads\/2025\/02\/red1-royal-blue-olive-green-baroque-jacquard-terry-cloth-robe-150x225.jpg 150w, https:\/\/baturina-homewear.com\/wp-content\/uploads\/2025\/02\/red1-royal-blue-olive-green-baroque-jacquard-terry-cloth-robe-400x600.jpg 400w, https:\/\/baturina-homewear.com\/wp-content\/uploads\/2025\/02\/red1-royal-blue-olive-green-baroque-jacquard-terry-cloth-robe.jpg 800w\" sizes=\"(max-width: 683px) 100vw, 683px\" title=\"\">\t\t<\/a>\n\n\t\t\n\t\t<div class=\"wd-buttons wd-pos-r-t\">\n\t\t\t\t\t\t<div class=\"wd-add-btn wd-action-btn wd-style-icon wd-add-cart-icon\"><a href=\"https:\/\/baturina-homewear.com\/de\/produkt\/goldenflare-jacquard-hausmantel\/\" aria-describedby=\"woocommerce_loop_add_to_cart_link_describedby_66632\" data-quantity=\"1\" class=\"button product_type_simple add_to_cart_button add-to-cart-loop\" data-product_id=\"66632\" data-product_sku=\"79589\" aria-label=\"In den Warenkorb legen: \u201eHerren Hausmantel Rot-Orange Jacquard mit Dunkelblauem Frottee-Futter\u201c\" rel=\"nofollow\" data-success_message=\"\u201eHerren Hausmantel Rot-Orange Jacquard mit Dunkelblauem Frottee-Futter\u201c wurde deinem Warenkorb hinzugef\u00fcgt\"><span class=\"wd-action-icon\"><span class=\"wd-check-icon\"><\/span><\/span><span class=\"wd-action-text\">Ausf\u00fchrung w\u00e4hlen<\/span><\/a>\t<span id=\"woocommerce_loop_add_to_cart_link_describedby_66632\" class=\"screen-reader-text\">\n\t\t\t<\/span>\n<\/div>\n\t\t\t\t\t\t\t\t\t\t\t<\/div>\n\t<\/div>\n\n\t<div class=\"product-element-bottom\">\n\t\t<h3 class=\"wd-entities-title\"><a href=\"https:\/\/baturina-homewear.com\/de\/produkt\/goldenflare-jacquard-hausmantel\/\">Herren Hausmantel Rot-Orange Jacquard mit Dunkelblauem Frottee-Futter<\/a><\/h3>\t\t\t\t\t\t\t\t\t\t\n\t<span class=\"price\"><span class=\"woocommerce-Price-amount amount\"><bdi><span class=\"woocommerce-Price-currencySymbol\">&#36;<\/span>591.68<\/bdi><\/span><span class=\"price-suffix\">Includes U.S. import taxes &amp; duties<\/span><\/span>\n\n\t\t<span class=\"gtm4wp_productdata\" style=\"display:none; visibility:hidden;\" data-gtm4wp_product_data=\"{&quot;internal_id&quot;:66632,&quot;item_id&quot;:66632,&quot;item_name&quot;:&quot;Herren Hausmantel Rot-Orange Jacquard mit Dunkelblauem Frottee-Futter&quot;,&quot;sku&quot;:&quot;79589&quot;,&quot;price&quot;:591.68,&quot;stocklevel&quot;:null,&quot;stockstatus&quot;:&quot;instock&quot;,&quot;google_business_vertical&quot;:&quot;retail&quot;,&quot;item_category&quot;:&quot;Herren Morgenm\\u00e4ntel&quot;,&quot;id&quot;:66632,&quot;productlink&quot;:&quot;https:\\\/\\\/baturina-homewear.com\\\/de\\\/produkt\\\/goldenflare-jacquard-hausmantel\\\/&quot;,&quot;item_list_name&quot;:&quot;General Product List&quot;,&quot;index&quot;:7,&quot;product_type&quot;:&quot;simple&quot;,&quot;item_brand&quot;:&quot;&quot;}\"><\/span>\n\t\t\t\t\n\t\t\t<\/div>\n<\/div>\n<\/div>\n\t\t\t\t\t\t\t\t<div class=\"wd-product wd-col wd-hover-tiled product-grid-item product type-product post-80663 status-publish last instock product_cat-wilde-welt product_cat-bademantel product_cat-herren-hausmantel product_cat-morgenmaentel product_cat-warme-mantel product_tag-custom-size-de has-post-thumbnail taxable shipping-taxable purchasable product-type-simple\" data-loop=\"7\" data-id=\"80663\">\n\t\n<div class=\"wd-product-wrapper product-wrapper\">\n\t<div class=\"wd-product-thumb product-element-top wd-quick-shop\">\n\t\t<a href=\"https:\/\/baturina-homewear.com\/de\/produkt\/herren-morgenmantel-zebra-animal-print-fleece\/\" class=\"wd-product-img-link product-image-link\" tabindex=\"-1\" aria-label=\"Herren Morgenmantel Zebra Animal Print Fleece\">\n\t\t\t\t\t\t<div class=\"product-labels labels-rounded-sm\">\n\t\t\t\t<span class=\"new product-label wd-shape-round-sm\">Neu<\/span>\t\t\t<\/div>\n\t\t\t<img decoding=\"async\" width=\"683\" height=\"1024\" src=\"https:\/\/baturina-homewear.com\/wp-content\/uploads\/2026\/03\/zebra-fleece-robe-dressing-gown-683x1024.jpg\" class=\"attachment-large size-large\" alt=\", Dressing Gowns and Pajamas by Baturina Homewear\" srcset=\"https:\/\/baturina-homewear.com\/wp-content\/uploads\/2026\/03\/zebra-fleece-robe-dressing-gown-683x1024.jpg 683w, https:\/\/baturina-homewear.com\/wp-content\/uploads\/2026\/03\/zebra-fleece-robe-dressing-gown-200x300.jpg 200w, https:\/\/baturina-homewear.com\/wp-content\/uploads\/2026\/03\/zebra-fleece-robe-dressing-gown-768x1152.jpg 768w, https:\/\/baturina-homewear.com\/wp-content\/uploads\/2026\/03\/zebra-fleece-robe-dressing-gown-370x555.jpg 370w, https:\/\/baturina-homewear.com\/wp-content\/uploads\/2026\/03\/zebra-fleece-robe-dressing-gown-670x1005.jpg 670w, https:\/\/baturina-homewear.com\/wp-content\/uploads\/2026\/03\/zebra-fleece-robe-dressing-gown-150x225.jpg 150w, https:\/\/baturina-homewear.com\/wp-content\/uploads\/2026\/03\/zebra-fleece-robe-dressing-gown.jpg 800w\" sizes=\"(max-width: 683px) 100vw, 683px\" title=\"\">\t\t<\/a>\n\n\t\t\n\t\t<div class=\"wd-buttons wd-pos-r-t\">\n\t\t\t\t\t\t<div class=\"wd-add-btn wd-action-btn wd-style-icon wd-add-cart-icon\"><a href=\"https:\/\/baturina-homewear.com\/de\/produkt\/herren-morgenmantel-zebra-animal-print-fleece\/\" aria-describedby=\"woocommerce_loop_add_to_cart_link_describedby_80663\" data-quantity=\"1\" class=\"button product_type_simple add_to_cart_button add-to-cart-loop\" data-product_id=\"80663\" data-product_sku=\"26658\" aria-label=\"In den Warenkorb legen: \u201eHerren Morgenmantel Zebra Animal Print Fleece\u201c\" rel=\"nofollow\" data-success_message=\"\u201eHerren Morgenmantel Zebra Animal Print Fleece\u201c wurde deinem Warenkorb hinzugef\u00fcgt\"><span class=\"wd-action-icon\"><span class=\"wd-check-icon\"><\/span><\/span><span class=\"wd-action-text\">Ausf\u00fchrung w\u00e4hlen<\/span><\/a>\t<span id=\"woocommerce_loop_add_to_cart_link_describedby_80663\" class=\"screen-reader-text\">\n\t\t\t<\/span>\n<\/div>\n\t\t\t\t\t\t\t\t\t\t\t<\/div>\n\t<\/div>\n\n\t<div class=\"product-element-bottom\">\n\t\t<h3 class=\"wd-entities-title\"><a href=\"https:\/\/baturina-homewear.com\/de\/produkt\/herren-morgenmantel-zebra-animal-print-fleece\/\">Herren Morgenmantel Zebra Animal Print Fleece<\/a><\/h3>\t\t\t\t\t\t\t\t\t\t\n\t<span class=\"price\"><span class=\"woocommerce-Price-amount amount\"><bdi><span class=\"woocommerce-Price-currencySymbol\">&#36;<\/span>554.70<\/bdi><\/span><span class=\"price-suffix\">Includes U.S. import taxes &amp; duties<\/span><\/span>\n\n\t\t<span class=\"gtm4wp_productdata\" style=\"display:none; visibility:hidden;\" data-gtm4wp_product_data=\"{&quot;internal_id&quot;:80663,&quot;item_id&quot;:80663,&quot;item_name&quot;:&quot;Herren Morgenmantel Zebra Animal Print Fleece&quot;,&quot;sku&quot;:&quot;26658&quot;,&quot;price&quot;:554.7,&quot;stocklevel&quot;:null,&quot;stockstatus&quot;:&quot;instock&quot;,&quot;google_business_vertical&quot;:&quot;retail&quot;,&quot;item_category&quot;:&quot;Wilde Welt&quot;,&quot;id&quot;:80663,&quot;productlink&quot;:&quot;https:\\\/\\\/baturina-homewear.com\\\/de\\\/produkt\\\/herren-morgenmantel-zebra-animal-print-fleece\\\/&quot;,&quot;item_list_name&quot;:&quot;General Product List&quot;,&quot;index&quot;:8,&quot;product_type&quot;:&quot;simple&quot;,&quot;item_brand&quot;:&quot;&quot;}\"><\/span>\n\t\t\t\t\n\t\t\t<\/div>\n<\/div>\n<\/div>\n\t\t\t\t\t\t\t\t<div class=\"wd-product wd-col wd-hover-tiled product-grid-item product type-product post-61748 status-publish first instock product_cat-morgenmaentel product_cat-bademantel product_cat-herren-hausmantel product_cat-warme-mantel product_cat-winter-lounge product_tag-custom-size-de has-post-thumbnail taxable shipping-taxable purchasable product-type-simple\" data-loop=\"8\" data-id=\"61748\">\n\t\n<div class=\"wd-product-wrapper product-wrapper\">\n\t<div class=\"wd-product-thumb product-element-top wd-quick-shop\">\n\t\t<a href=\"https:\/\/baturina-homewear.com\/de\/produkt\/herren-morgenmantel-aus-weichem-pluesch-weinrot-schwarz-fleece-extra-warm\/\" class=\"wd-product-img-link product-image-link\" tabindex=\"-1\" aria-label=\"Herren Hausmantel Weinrot Schwarz Pl\u00fcsch Fleece Extra Warm\">\n\t\t\t<img decoding=\"async\" width=\"683\" height=\"1024\" src=\"https:\/\/baturina-homewear.com\/wp-content\/uploads\/2026\/01\/01burgundy-black-fleece-dressing-gown-robe-extra-warm-683x1024.jpg\" class=\"attachment-large size-large\" alt=\", Dressing Gowns and Pajamas by Baturina Homewear\" srcset=\"https:\/\/baturina-homewear.com\/wp-content\/uploads\/2026\/01\/01burgundy-black-fleece-dressing-gown-robe-extra-warm-683x1024.jpg 683w, https:\/\/baturina-homewear.com\/wp-content\/uploads\/2026\/01\/01burgundy-black-fleece-dressing-gown-robe-extra-warm-200x300.jpg 200w, https:\/\/baturina-homewear.com\/wp-content\/uploads\/2026\/01\/01burgundy-black-fleece-dressing-gown-robe-extra-warm-768x1152.jpg 768w, https:\/\/baturina-homewear.com\/wp-content\/uploads\/2026\/01\/01burgundy-black-fleece-dressing-gown-robe-extra-warm-370x555.jpg 370w, https:\/\/baturina-homewear.com\/wp-content\/uploads\/2026\/01\/01burgundy-black-fleece-dressing-gown-robe-extra-warm-670x1005.jpg 670w, https:\/\/baturina-homewear.com\/wp-content\/uploads\/2026\/01\/01burgundy-black-fleece-dressing-gown-robe-extra-warm-150x225.jpg 150w, https:\/\/baturina-homewear.com\/wp-content\/uploads\/2026\/01\/01burgundy-black-fleece-dressing-gown-robe-extra-warm.jpg 800w\" sizes=\"(max-width: 683px) 100vw, 683px\" title=\"\">\t\t<\/a>\n\n\t\t\n\t\t<div class=\"wd-buttons wd-pos-r-t\">\n\t\t\t\t\t\t<div class=\"wd-add-btn wd-action-btn wd-style-icon wd-add-cart-icon\"><a href=\"https:\/\/baturina-homewear.com\/de\/produkt\/herren-morgenmantel-aus-weichem-pluesch-weinrot-schwarz-fleece-extra-warm\/\" aria-describedby=\"woocommerce_loop_add_to_cart_link_describedby_61748\" data-quantity=\"1\" class=\"button product_type_simple add_to_cart_button add-to-cart-loop\" data-product_id=\"61748\" data-product_sku=\"32793\" aria-label=\"In den Warenkorb legen: \u201eHerren Hausmantel Weinrot Schwarz Pl\u00fcsch Fleece Extra Warm\u201c\" rel=\"nofollow\" data-success_message=\"\u201eHerren Hausmantel Weinrot Schwarz Pl\u00fcsch Fleece Extra Warm\u201c wurde deinem Warenkorb hinzugef\u00fcgt\"><span class=\"wd-action-icon\"><span class=\"wd-check-icon\"><\/span><\/span><span class=\"wd-action-text\">Ausf\u00fchrung w\u00e4hlen<\/span><\/a>\t<span id=\"woocommerce_loop_add_to_cart_link_describedby_61748\" class=\"screen-reader-text\">\n\t\t\t<\/span>\n<\/div>\n\t\t\t\t\t\t\t\t\t\t\t<\/div>\n\t<\/div>\n\n\t<div class=\"product-element-bottom\">\n\t\t<h3 class=\"wd-entities-title\"><a href=\"https:\/\/baturina-homewear.com\/de\/produkt\/herren-morgenmantel-aus-weichem-pluesch-weinrot-schwarz-fleece-extra-warm\/\">Herren Hausmantel Weinrot Schwarz Pl\u00fcsch Fleece Extra Warm<\/a><\/h3>\t\t\t\t\t\t\t\t\t\t\t\n\t\t\t\t<div class=\"star-rating\" role=\"img\" aria-label=\"Bewertet mit 5.00 von 5\">\n\t\t\t\t\t<span style=\"width:100%\">\n\t\t\tBewertet mit <strong class=\"rating\">5.00<\/strong> von 5\t\t<\/span>\n\t\t\t\t<\/div>\n\n\t\t\n\t\t\t\t\t\t\t\t\t\t\n\t<span class=\"price\"><span class=\"woocommerce-Price-amount amount\"><bdi><span class=\"woocommerce-Price-currencySymbol\">&#36;<\/span>406.78<\/bdi><\/span><span class=\"price-suffix\">Includes U.S. import taxes &amp; duties<\/span><\/span>\n\n\t\t<span class=\"gtm4wp_productdata\" style=\"display:none; visibility:hidden;\" data-gtm4wp_product_data=\"{&quot;internal_id&quot;:61748,&quot;item_id&quot;:61748,&quot;item_name&quot;:&quot;Herren Hausmantel Weinrot Schwarz Pl\\u00fcsch Fleece Extra Warm&quot;,&quot;sku&quot;:&quot;32793&quot;,&quot;price&quot;:406.78,&quot;stocklevel&quot;:null,&quot;stockstatus&quot;:&quot;instock&quot;,&quot;google_business_vertical&quot;:&quot;retail&quot;,&quot;item_category&quot;:&quot;Herren Morgenm\\u00e4ntel&quot;,&quot;id&quot;:61748,&quot;productlink&quot;:&quot;https:\\\/\\\/baturina-homewear.com\\\/de\\\/produkt\\\/herren-morgenmantel-aus-weichem-pluesch-weinrot-schwarz-fleece-extra-warm\\\/&quot;,&quot;item_list_name&quot;:&quot;General Product List&quot;,&quot;index&quot;:9,&quot;product_type&quot;:&quot;simple&quot;,&quot;item_brand&quot;:&quot;&quot;}\"><\/span>\n\t\t\t\t\n\t\t\t<\/div>\n<\/div>\n<\/div>\n\t\t\n\t\t\t\t<\/div>\n\t\n\t\t\n\t\t\t\t\t\t\t\t\t\t\t\t\t\t\t\t\t\t<div class=\"wd-loop-footer products-footer\">\n\t\t\t\t\t\t\t\t\t\t<a href=\"#\" rel=\"nofollow noopener\" class=\"btn wd-load-more wd-products-load-more load-on-click\"><span class=\"load-more-label\">Mehr Produkte laden<\/span><\/a>\n\t\t\t\t\t<div class=\"btn wd-load-more wd-load-more-loader\"><span class=\"load-more-loading\">Laden...<\/span><\/div>\n\t\t\t\t<\/div>\n\t\t\t\t\t\t\t\t\t\t\t\n\t\t\t\t\t<\/div>\n\t\t\n\t\t\t\t\t\t<\/div>\n\t\t\t\t<\/div>\n\t\t\t\t\t<\/div>\n\t\t\t\t<\/div>\n\t\t\t\t<\/div>\n\t\t","protected":false},"excerpt":{"rendered":"<p>Die Begriffe &#8222;Bademantel&#8220;, &#8222;Hausmantel&#8220; und &#8222;Morgenmantel&#8220; werden oft synonym verwendet, aber es gibt einige wichtige Unterschiede. Hausmantel und Bademantel &#8211;<\/p>\n","protected":false},"author":1,"featured_media":41190,"comment_status":"open","ping_status":"open","sticky":false,"template":"","format":"standard","meta":{"footnotes":""},"categories":[745,578],"tags":[],"class_list":["post-41206","post","type-post","status-publish","format-standard","has-post-thumbnail","hentry","category-bademantel","category-hausmantel"],"_links":{"self":[{"href":"https:\/\/baturina-homewear.com\/de\/wp-json\/wp\/v2\/posts\/41206","targetHints":{"allow":["GET"]}}],"collection":[{"href":"https:\/\/baturina-homewear.com\/de\/wp-json\/wp\/v2\/posts"}],"about":[{"href":"https:\/\/baturina-homewear.com\/de\/wp-json\/wp\/v2\/types\/post"}],"author":[{"embeddable":true,"href":"https:\/\/baturina-homewear.com\/de\/wp-json\/wp\/v2\/users\/1"}],"replies":[{"embeddable":true,"href":"https:\/\/baturina-homewear.com\/de\/wp-json\/wp\/v2\/comments?post=41206"}],"version-history":[{"count":7,"href":"https:\/\/baturina-homewear.com\/de\/wp-json\/wp\/v2\/posts\/41206\/revisions"}],"predecessor-version":[{"id":64684,"href":"https:\/\/baturina-homewear.com\/de\/wp-json\/wp\/v2\/posts\/41206\/revisions\/64684"}],"wp:featuredmedia":[{"embeddable":true,"href":"https:\/\/baturina-homewear.com\/de\/wp-json\/wp\/v2\/media\/41190"}],"wp:attachment":[{"href":"https:\/\/baturina-homewear.com\/de\/wp-json\/wp\/v2\/media?parent=41206"}],"wp:term":[{"taxonomy":"category","embeddable":true,"href":"https:\/\/baturina-homewear.com\/de\/wp-json\/wp\/v2\/categories?post=41206"},{"taxonomy":"post_tag","embeddable":true,"href":"https:\/\/baturina-homewear.com\/de\/wp-json\/wp\/v2\/tags?post=41206"}],"curies":[{"name":"wp","href":"https:\/\/api.w.org\/{rel}","templated":true}]}}