{"id":81144,"date":"2026-04-30T16:49:53","date_gmt":"2026-04-30T14:49:53","guid":{"rendered":"https:\/\/baturina-homewear.com\/blog\/unkategorisiert\/heiss-und-kalt-morgenmaentel-aus-leinen-und-wolle-entdecken\/"},"modified":"2026-04-30T17:42:31","modified_gmt":"2026-04-30T15:42:31","slug":"heiss-und-kalt-morgenmaentel-aus-leinen-und-wolle-entdecken","status":"publish","type":"post","link":"https:\/\/baturina-homewear.com\/de\/blog\/editorial-de\/heiss-und-kalt-morgenmaentel-aus-leinen-und-wolle-entdecken\/","title":{"rendered":"Hei\u00df und kalt: Morgenm\u00e4ntel aus Leinen und Wolle entdecken"},"content":{"rendered":"\t\t<div data-elementor-type=\"wp-post\" data-elementor-id=\"81144\" class=\"elementor elementor-81144 elementor-80882\" data-elementor-post-type=\"post\">\n\t\t\t\t<div class=\"wd-negative-gap elementor-element elementor-element-4bb562a e-flex e-con-boxed e-con e-parent\" data-id=\"4bb562a\" data-element_type=\"container\" data-e-type=\"container\">\n\t\t\t\t\t<div class=\"e-con-inner\">\n\t\t\t\t<div class=\"elementor-element elementor-element-59ae15e color-scheme-inherit text-left elementor-widget elementor-widget-text-editor\" data-id=\"59ae15e\" data-element_type=\"widget\" data-e-type=\"widget\" data-widget_type=\"text-editor.default\">\n\t\t\t\t<div class=\"elementor-widget-container\">\n\t\t\t\t\t\t\t\t\t<p data-start=\"252\" data-end=\"553\">Zu Hause denken wir selten daran, uns mit der gleichen Absicht zu kleiden wie im Freien. Und doch sind dies die Stunden, die unsere Gef\u00fchle am st\u00e4rksten pr\u00e4gen. Die Ruhe am fr\u00fchen Morgen, die langsamen Abende, die Momente dazwischen. In diesen Momenten ist ein gut gew\u00e4hlter Morgenmantel unverzichtbar. Nicht als nachtr\u00e4glicher Gedanke, sondern als Grundlage.    <\/p>\t\t\t\t\t\t\t\t<\/div>\n\t\t\t\t<\/div>\n\t\t\t\t<div class=\"elementor-element elementor-element-d988768 elementor-widget elementor-widget-image\" data-id=\"d988768\" data-element_type=\"widget\" data-e-type=\"widget\" data-widget_type=\"image.default\">\n\t\t\t\t<div class=\"elementor-widget-container\">\n\t\t\t\t\t\t\t\t\t\t\t\t\t\t\t\t<a href=\"https:\/\/baturina-homewear.com\/de\/produkt\/herren-hausmantel-olive-gruen-leinen\/\">\n\t\t\t\t\t\t\t<img decoding=\"async\" width=\"819\" height=\"1024\" src=\"https:\/\/baturina-homewear.com\/wp-content\/uploads\/2026\/04\/summer-winter-robe-819x1024.jpg\" class=\"attachment-large size-large wp-image-81145\" alt=\", Dressing Gowns and Pajamas by Baturina Homewear\" srcset=\"https:\/\/baturina-homewear.com\/wp-content\/uploads\/2026\/04\/summer-winter-robe-819x1024.jpg 819w, https:\/\/baturina-homewear.com\/wp-content\/uploads\/2026\/04\/summer-winter-robe-240x300.jpg 240w, https:\/\/baturina-homewear.com\/wp-content\/uploads\/2026\/04\/summer-winter-robe-768x960.jpg 768w, https:\/\/baturina-homewear.com\/wp-content\/uploads\/2026\/04\/summer-winter-robe-670x838.jpg 670w, https:\/\/baturina-homewear.com\/wp-content\/uploads\/2026\/04\/summer-winter-robe-150x188.jpg 150w, https:\/\/baturina-homewear.com\/wp-content\/uploads\/2026\/04\/summer-winter-robe.jpg 1080w\" sizes=\"(max-width: 819px) 100vw, 819px\" title=\"\">\t\t\t\t\t\t\t\t<\/a>\n\t\t\t\t\t\t\t\t\t\t\t\t\t\t\t<\/div>\n\t\t\t\t<\/div>\n\t\t\t\t<div class=\"elementor-element elementor-element-a7ae6cd color-scheme-inherit text-left elementor-widget elementor-widget-text-editor\" data-id=\"a7ae6cd\" data-element_type=\"widget\" data-e-type=\"widget\" data-widget_type=\"text-editor.default\">\n\t\t\t\t<div class=\"elementor-widget-container\">\n\t\t\t\t\t\t\t\t\t<p>Bei jedem Klima stilvoll aussehen? Das ist nicht nur m\u00f6glich, sondern auch erstaunlich einfach, wenn man die Rolle von Stoffen versteht. Das Geheimnis ist nicht, mehr zu besitzen, sondern die richtige Wahl zu treffen. Ein Morgenmantel wird, wenn man ihn richtig ausw\u00e4hlt, zu Ihrer Konstante. Was sich \u00e4ndert, ist das Material.    <\/p>\t\t\t\t\t\t\t\t<\/div>\n\t\t\t\t<\/div>\n\t\t\t\t<div class=\"elementor-element elementor-element-3bc5f06 wd-width-100 elementor-widget elementor-widget-wd_products\" data-id=\"3bc5f06\" data-element_type=\"widget\" data-e-type=\"widget\" data-widget_type=\"wd_products.default\">\n\t\t\t\t<div class=\"elementor-widget-container\">\n\t\t\t\t\t\t\t\t\t\t<div class=\"wd-products-element with-title\">\n\n\t\t\t\t\t\t\t<h4 class=\"wd-el-title title element-title\">Morgenm\u00e4ntel aus Wolle f\u00fcr den Winter<\/h4>\t\t\t\n\t\t\t\n\t\t\t\n\t\t\t<div class=\"products wd-products pagination-more-btn grid-columns-3 elements-grid wd-grid-g wd-loop-builder-off title-line-two wd-stretch-cont-lg\" data-paged=\"1\" data-atts=\"{&quot;speed&quot;:null,&quot;slides_per_view&quot;:null,&quot;wrap&quot;:null,&quot;autoplay&quot;:null,&quot;autoheight&quot;:null,&quot;hide_pagination_control&quot;:null,&quot;dynamic_pagination_control&quot;:null,&quot;hide_prev_next_buttons&quot;:null,&quot;carousel_arrows_position&quot;:null,&quot;hide_scrollbar&quot;:null,&quot;scroll_per_page&quot;:null,&quot;center_mode&quot;:null,&quot;post_type&quot;:&quot;ids&quot;,&quot;spacing&quot;:&quot;&quot;,&quot;carousel_sync&quot;:null,&quot;sync_parent_id&quot;:null,&quot;sync_child_id&quot;:null,&quot;scroll_carousel_init&quot;:null,&quot;disable_overflow_carousel&quot;:null,&quot;element_title&quot;:&quot;Morgenm\\u00e4ntel aus Wolle f\\u00fcr den Winter&quot;,&quot;include&quot;:[&quot;13203&quot;,&quot;13205&quot;,&quot;13204&quot;,&quot;13200&quot;,&quot;13202&quot;,&quot;13201&quot;],&quot;taxonomies&quot;:null,&quot;offset&quot;:null,&quot;query_type&quot;:&quot;AND&quot;,&quot;order&quot;:null,&quot;meta_key&quot;:null,&quot;exclude&quot;:null,&quot;shop_tools&quot;:null,&quot;ajax_recently_viewed&quot;:null,&quot;pagination&quot;:&quot;more-btn&quot;,&quot;pagination_arrows_position&quot;:null,&quot;items_per_page&quot;:6,&quot;list_spacing&quot;:null,&quot;columns&quot;:{&quot;unit&quot;:&quot;px&quot;,&quot;size&quot;:3,&quot;sizes&quot;:[]},&quot;products_masonry&quot;:&quot;&quot;,&quot;products_different_sizes&quot;:&quot;&quot;,&quot;product_quantity&quot;:&quot;&quot;,&quot;product_custom_hover&quot;:null,&quot;sale_countdown&quot;:&quot;0&quot;,&quot;stretch_product&quot;:null,&quot;stock_progress_bar&quot;:&quot;0&quot;,&quot;highlighted_products&quot;:&quot;0&quot;,&quot;products_divider&quot;:null,&quot;products_bordered_grid&quot;:&quot;0&quot;,&quot;products_bordered_grid_style&quot;:null,&quot;products_with_background&quot;:&quot;0&quot;,&quot;products_shadow&quot;:&quot;0&quot;,&quot;img_size&quot;:&quot;large&quot;,&quot;img_size_custom&quot;:null,&quot;grid_gallery_control&quot;:null,&quot;grid_gallery_enable_arrows&quot;:null,&quot;elementor&quot;:true,&quot;force_not_ajax&quot;:&quot;no&quot;}\" data-source=\"shortcode\" data-columns=\"3\" style=\"--wd-col-lg:3;--wd-col-md:3;--wd-col-sm:2;--wd-gap-lg:10px;--wd-gap-sm:6px;\">\n\t\t\n\t\t\t\t\t\t\t\t<div class=\"wd-product wd-col wd-hover-tiled product-grid-item product type-product post-26457 status-publish instock product_cat-herren-hausmantel product_cat-morgenmaentel product_cat-warme-mantel product_cat-winter-lounge product_cat-wolle-bademantel product_tag-custom-size-de product_tag-monogram-de has-post-thumbnail taxable shipping-taxable purchasable product-type-simple\" data-loop=\"1\" data-id=\"26457\">\n\t\n<div class=\"wd-product-wrapper product-wrapper\">\n\t<div class=\"wd-product-thumb product-element-top wd-quick-shop\">\n\t\t<a href=\"https:\/\/baturina-homewear.com\/de\/produkt\/herren-hausmantel-camel-braun-woll-navy-satin-mit-kordel-piping\/\" class=\"wd-product-img-link product-image-link\" tabindex=\"-1\" aria-label=\"Herren Hausmantel Kamelbraun Wolle\">\n\t\t\t<img decoding=\"async\" width=\"683\" height=\"1024\" src=\"https:\/\/baturina-homewear.com\/wp-content\/uploads\/2023\/05\/camel-brown-wool-robe-dressing-gown-men-683x1024.jpg\" class=\"attachment-large size-large\" alt=\", Dressing Gowns and Pajamas by Baturina Homewear\" srcset=\"https:\/\/baturina-homewear.com\/wp-content\/uploads\/2023\/05\/camel-brown-wool-robe-dressing-gown-men-683x1024.jpg 683w, https:\/\/baturina-homewear.com\/wp-content\/uploads\/2023\/05\/camel-brown-wool-robe-dressing-gown-men-200x300.jpg 200w, https:\/\/baturina-homewear.com\/wp-content\/uploads\/2023\/05\/camel-brown-wool-robe-dressing-gown-men-768x1152.jpg 768w, https:\/\/baturina-homewear.com\/wp-content\/uploads\/2023\/05\/camel-brown-wool-robe-dressing-gown-men-740x1110.jpg 740w, https:\/\/baturina-homewear.com\/wp-content\/uploads\/2023\/05\/camel-brown-wool-robe-dressing-gown-men-370x555.jpg 370w, https:\/\/baturina-homewear.com\/wp-content\/uploads\/2023\/05\/camel-brown-wool-robe-dressing-gown-men-670x1005.jpg 670w, https:\/\/baturina-homewear.com\/wp-content\/uploads\/2023\/05\/camel-brown-wool-robe-dressing-gown-men-150x225.jpg 150w, https:\/\/baturina-homewear.com\/wp-content\/uploads\/2023\/05\/camel-brown-wool-robe-dressing-gown-men-266x400.jpg 266w, https:\/\/baturina-homewear.com\/wp-content\/uploads\/2023\/05\/camel-brown-wool-robe-dressing-gown-men-400x600.jpg 400w, https:\/\/baturina-homewear.com\/wp-content\/uploads\/2023\/05\/camel-brown-wool-robe-dressing-gown-men.jpg 800w\" sizes=\"(max-width: 683px) 100vw, 683px\" title=\"\">\t\t<\/a>\n\n\t\t\n\t\t<div class=\"wd-buttons wd-pos-r-t\">\n\t\t\t\t\t\t<div class=\"wd-add-btn wd-action-btn wd-style-icon wd-add-cart-icon\"><a href=\"https:\/\/baturina-homewear.com\/de\/produkt\/herren-hausmantel-camel-braun-woll-navy-satin-mit-kordel-piping\/\" aria-describedby=\"woocommerce_loop_add_to_cart_link_describedby_26457\" data-quantity=\"1\" class=\"button product_type_simple add_to_cart_button add-to-cart-loop\" data-product_id=\"26457\" data-product_sku=\"37526\" aria-label=\"In den Warenkorb legen: \u201eHerren Hausmantel Kamelbraun Wolle\u201c\" rel=\"nofollow\" data-success_message=\"\u201eHerren Hausmantel Kamelbraun Wolle\u201c wurde deinem Warenkorb hinzugef\u00fcgt\"><span class=\"wd-action-icon\"><span class=\"wd-check-icon\"><\/span><\/span><span class=\"wd-action-text\">Ausf\u00fchrung w\u00e4hlen<\/span><\/a>\t<span id=\"woocommerce_loop_add_to_cart_link_describedby_26457\" class=\"screen-reader-text\">\n\t\t\t<\/span>\n<\/div>\n\t\t\t\t\t\t\t\t\t\t\t<\/div>\n\t<\/div>\n\n\t<div class=\"product-element-bottom\">\n\t\t<h3 class=\"wd-entities-title\"><a href=\"https:\/\/baturina-homewear.com\/de\/produkt\/herren-hausmantel-camel-braun-woll-navy-satin-mit-kordel-piping\/\">Herren Hausmantel Kamelbraun Wolle<\/a><\/h3>\t\t\t\t\t\t\t\t\t\t\t\n\t\t\t\t<div class=\"star-rating\" role=\"img\" aria-label=\"Bewertet mit 5.00 von 5\">\n\t\t\t\t\t<span style=\"width:100%\">\n\t\t\tBewertet mit <strong class=\"rating\">5.00<\/strong> von 5\t\t<\/span>\n\t\t\t\t<\/div>\n\n\t\t\n\t\t\t\t\t\t\t\t\t\t\n\t<span class=\"price\"><span class=\"woocommerce-Price-amount amount\"><bdi><span class=\"woocommerce-Price-currencySymbol\">&#36;<\/span>665.64<\/bdi><\/span><span class=\"price-suffix\">Includes U.S. import taxes &amp; duties<\/span><\/span>\n\n\t\t<span class=\"gtm4wp_productdata\" style=\"display:none; visibility:hidden;\" data-gtm4wp_product_data=\"{&quot;internal_id&quot;:26457,&quot;item_id&quot;:26457,&quot;item_name&quot;:&quot;Herren Hausmantel Kamelbraun Wolle&quot;,&quot;sku&quot;:&quot;37526&quot;,&quot;price&quot;:665.64,&quot;stocklevel&quot;:null,&quot;stockstatus&quot;:&quot;instock&quot;,&quot;google_business_vertical&quot;:&quot;retail&quot;,&quot;item_category&quot;:&quot;Hausm\\u00e4ntel&quot;,&quot;id&quot;:26457,&quot;productlink&quot;:&quot;https:\\\/\\\/baturina-homewear.com\\\/de\\\/produkt\\\/herren-hausmantel-camel-braun-woll-navy-satin-mit-kordel-piping\\\/&quot;,&quot;item_list_name&quot;:&quot;General Product List&quot;,&quot;index&quot;:2,&quot;product_type&quot;:&quot;simple&quot;,&quot;item_brand&quot;:&quot;&quot;}\"><\/span>\n\t\t\t\t\n\t\t\t<\/div>\n<\/div>\n<\/div>\n\t\t\t\t\t\t\t\t<div class=\"wd-product wd-col wd-hover-tiled product-grid-item product type-product post-26431 status-publish instock product_cat-herren-hausmantel product_cat-morgenmaentel product_cat-warme-mantel product_cat-winter-lounge product_cat-wolle-bademantel product_tag-custom-size-de product_tag-monogram-de has-post-thumbnail taxable shipping-taxable purchasable product-type-simple\" data-loop=\"2\" data-id=\"26431\">\n\t\n<div class=\"wd-product-wrapper product-wrapper\">\n\t<div class=\"wd-product-thumb product-element-top wd-quick-shop\">\n\t\t<a href=\"https:\/\/baturina-homewear.com\/de\/produkt\/herren-hausmantel-marine-wolle-satin-mit-kordel-paspel\/\" class=\"wd-product-img-link product-image-link\" tabindex=\"-1\" aria-label=\"Herren Hausmantel Dunkelblau Wolle\">\n\t\t\t<img decoding=\"async\" width=\"683\" height=\"1024\" src=\"https:\/\/baturina-homewear.com\/wp-content\/uploads\/2022\/06\/navy1-wool-dressing-gown-683x1024.jpg\" class=\"attachment-large size-large\" alt=\"Morgenmantel aus Wolle f\u00fcr Herren\" srcset=\"https:\/\/baturina-homewear.com\/wp-content\/uploads\/2022\/06\/navy1-wool-dressing-gown-683x1024.jpg 683w, https:\/\/baturina-homewear.com\/wp-content\/uploads\/2022\/06\/navy1-wool-dressing-gown-200x300.jpg 200w, https:\/\/baturina-homewear.com\/wp-content\/uploads\/2022\/06\/navy1-wool-dressing-gown-768x1152.jpg 768w, https:\/\/baturina-homewear.com\/wp-content\/uploads\/2022\/06\/navy1-wool-dressing-gown-370x555.jpg 370w, https:\/\/baturina-homewear.com\/wp-content\/uploads\/2022\/06\/navy1-wool-dressing-gown-670x1005.jpg 670w, https:\/\/baturina-homewear.com\/wp-content\/uploads\/2022\/06\/navy1-wool-dressing-gown-130x195.jpg 130w, https:\/\/baturina-homewear.com\/wp-content\/uploads\/2022\/06\/navy1-wool-dressing-gown-266x400.jpg 266w, https:\/\/baturina-homewear.com\/wp-content\/uploads\/2022\/06\/navy1-wool-dressing-gown-400x600.jpg 400w, https:\/\/baturina-homewear.com\/wp-content\/uploads\/2022\/06\/navy1-wool-dressing-gown.jpg 1000w\" sizes=\"(max-width: 683px) 100vw, 683px\" title=\"\">\t\t<\/a>\n\n\t\t\n\t\t<div class=\"wd-buttons wd-pos-r-t\">\n\t\t\t\t\t\t<div class=\"wd-add-btn wd-action-btn wd-style-icon wd-add-cart-icon\"><a href=\"https:\/\/baturina-homewear.com\/de\/produkt\/herren-hausmantel-marine-wolle-satin-mit-kordel-paspel\/\" aria-describedby=\"woocommerce_loop_add_to_cart_link_describedby_26431\" data-quantity=\"1\" class=\"button product_type_simple add_to_cart_button add-to-cart-loop\" data-product_id=\"26431\" data-product_sku=\"85357\" aria-label=\"In den Warenkorb legen: \u201eHerren Hausmantel Dunkelblau Wolle\u201c\" rel=\"nofollow\" data-success_message=\"\u201eHerren Hausmantel Dunkelblau Wolle\u201c wurde deinem Warenkorb hinzugef\u00fcgt\"><span class=\"wd-action-icon\"><span class=\"wd-check-icon\"><\/span><\/span><span class=\"wd-action-text\">Ausf\u00fchrung w\u00e4hlen<\/span><\/a>\t<span id=\"woocommerce_loop_add_to_cart_link_describedby_26431\" class=\"screen-reader-text\">\n\t\t\t<\/span>\n<\/div>\n\t\t\t\t\t\t\t\t\t\t\t<\/div>\n\t<\/div>\n\n\t<div class=\"product-element-bottom\">\n\t\t<h3 class=\"wd-entities-title\"><a href=\"https:\/\/baturina-homewear.com\/de\/produkt\/herren-hausmantel-marine-wolle-satin-mit-kordel-paspel\/\">Herren Hausmantel Dunkelblau Wolle<\/a><\/h3>\t\t\t\t\t\t\t\t\t\t\t\n\t\t\t\t<div class=\"star-rating\" role=\"img\" aria-label=\"Bewertet mit 5.00 von 5\">\n\t\t\t\t\t<span style=\"width:100%\">\n\t\t\tBewertet mit <strong class=\"rating\">5.00<\/strong> von 5\t\t<\/span>\n\t\t\t\t<\/div>\n\n\t\t\n\t\t\t\t\t\t\t\t\t\t\n\t<span class=\"price\"><span class=\"woocommerce-Price-amount amount\"><bdi><span class=\"woocommerce-Price-currencySymbol\">&#36;<\/span>665.64<\/bdi><\/span><span class=\"price-suffix\">Includes U.S. import taxes &amp; duties<\/span><\/span>\n\n\t\t<span class=\"gtm4wp_productdata\" style=\"display:none; visibility:hidden;\" data-gtm4wp_product_data=\"{&quot;internal_id&quot;:26431,&quot;item_id&quot;:26431,&quot;item_name&quot;:&quot;Herren Hausmantel Dunkelblau Wolle&quot;,&quot;sku&quot;:&quot;85357&quot;,&quot;price&quot;:665.64,&quot;stocklevel&quot;:null,&quot;stockstatus&quot;:&quot;instock&quot;,&quot;google_business_vertical&quot;:&quot;retail&quot;,&quot;item_category&quot;:&quot;Hausm\\u00e4ntel&quot;,&quot;id&quot;:26431,&quot;productlink&quot;:&quot;https:\\\/\\\/baturina-homewear.com\\\/de\\\/produkt\\\/herren-hausmantel-marine-wolle-satin-mit-kordel-paspel\\\/&quot;,&quot;item_list_name&quot;:&quot;General Product List&quot;,&quot;index&quot;:3,&quot;product_type&quot;:&quot;simple&quot;,&quot;item_brand&quot;:&quot;&quot;}\"><\/span>\n\t\t\t\t\n\t\t\t<\/div>\n<\/div>\n<\/div>\n\t\t\t\t\t\t\t\t<div class=\"wd-product wd-col wd-hover-tiled product-grid-item product type-product post-26438 status-publish last instock product_cat-herren-hausmantel product_cat-morgenmaentel product_cat-warme-mantel product_cat-wolle-bademantel product_tag-custom-size-de product_tag-monogram-de has-post-thumbnail taxable shipping-taxable purchasable product-type-simple\" data-loop=\"3\" data-id=\"26438\">\n\t\n<div class=\"wd-product-wrapper product-wrapper\">\n\t<div class=\"wd-product-thumb product-element-top wd-quick-shop\">\n\t\t<a href=\"https:\/\/baturina-homewear.com\/de\/produkt\/herren-hausmantel-schwarzer-wollsatin-mit-kordel-paspelierung\/\" class=\"wd-product-img-link product-image-link\" tabindex=\"-1\" aria-label=\"Herren Hausmantel Schwarz Wolle\">\n\t\t\t<img decoding=\"async\" width=\"683\" height=\"1024\" src=\"https:\/\/baturina-homewear.com\/wp-content\/uploads\/2022\/06\/black1-wool-dressing-gown-683x1024.jpg\" class=\"attachment-large size-large\" alt=\"Morgenmantel aus Wolle f\u00fcr Herren\" srcset=\"https:\/\/baturina-homewear.com\/wp-content\/uploads\/2022\/06\/black1-wool-dressing-gown-683x1024.jpg 683w, https:\/\/baturina-homewear.com\/wp-content\/uploads\/2022\/06\/black1-wool-dressing-gown-200x300.jpg 200w, https:\/\/baturina-homewear.com\/wp-content\/uploads\/2022\/06\/black1-wool-dressing-gown-768x1152.jpg 768w, https:\/\/baturina-homewear.com\/wp-content\/uploads\/2022\/06\/black1-wool-dressing-gown-370x555.jpg 370w, https:\/\/baturina-homewear.com\/wp-content\/uploads\/2022\/06\/black1-wool-dressing-gown-670x1005.jpg 670w, https:\/\/baturina-homewear.com\/wp-content\/uploads\/2022\/06\/black1-wool-dressing-gown-130x195.jpg 130w, https:\/\/baturina-homewear.com\/wp-content\/uploads\/2022\/06\/black1-wool-dressing-gown-267x400.jpg 267w, https:\/\/baturina-homewear.com\/wp-content\/uploads\/2022\/06\/black1-wool-dressing-gown-400x600.jpg 400w, https:\/\/baturina-homewear.com\/wp-content\/uploads\/2022\/06\/black1-wool-dressing-gown.jpg 1000w\" sizes=\"(max-width: 683px) 100vw, 683px\" title=\"\">\t\t<\/a>\n\n\t\t\n\t\t<div class=\"wd-buttons wd-pos-r-t\">\n\t\t\t\t\t\t<div class=\"wd-add-btn wd-action-btn wd-style-icon wd-add-cart-icon\"><a href=\"https:\/\/baturina-homewear.com\/de\/produkt\/herren-hausmantel-schwarzer-wollsatin-mit-kordel-paspelierung\/\" aria-describedby=\"woocommerce_loop_add_to_cart_link_describedby_26438\" data-quantity=\"1\" class=\"button product_type_simple add_to_cart_button add-to-cart-loop\" data-product_id=\"26438\" data-product_sku=\"41255\" aria-label=\"In den Warenkorb legen: \u201eHerren Hausmantel Schwarz Wolle\u201c\" rel=\"nofollow\" data-success_message=\"\u201eHerren Hausmantel Schwarz Wolle\u201c wurde deinem Warenkorb hinzugef\u00fcgt\"><span class=\"wd-action-icon\"><span class=\"wd-check-icon\"><\/span><\/span><span class=\"wd-action-text\">Ausf\u00fchrung w\u00e4hlen<\/span><\/a>\t<span id=\"woocommerce_loop_add_to_cart_link_describedby_26438\" class=\"screen-reader-text\">\n\t\t\t<\/span>\n<\/div>\n\t\t\t\t\t\t\t\t\t\t\t<\/div>\n\t<\/div>\n\n\t<div class=\"product-element-bottom\">\n\t\t<h3 class=\"wd-entities-title\"><a href=\"https:\/\/baturina-homewear.com\/de\/produkt\/herren-hausmantel-schwarzer-wollsatin-mit-kordel-paspelierung\/\">Herren Hausmantel Schwarz Wolle<\/a><\/h3>\t\t\t\t\t\t\t\t\t\t\n\t<span class=\"price\"><span class=\"woocommerce-Price-amount amount\"><bdi><span class=\"woocommerce-Price-currencySymbol\">&#36;<\/span>665.64<\/bdi><\/span><span class=\"price-suffix\">Includes U.S. import taxes &amp; duties<\/span><\/span>\n\n\t\t<span class=\"gtm4wp_productdata\" style=\"display:none; visibility:hidden;\" data-gtm4wp_product_data=\"{&quot;internal_id&quot;:26438,&quot;item_id&quot;:26438,&quot;item_name&quot;:&quot;Herren Hausmantel Schwarz Wolle&quot;,&quot;sku&quot;:&quot;41255&quot;,&quot;price&quot;:665.64,&quot;stocklevel&quot;:null,&quot;stockstatus&quot;:&quot;instock&quot;,&quot;google_business_vertical&quot;:&quot;retail&quot;,&quot;item_category&quot;:&quot;Hausm\\u00e4ntel&quot;,&quot;id&quot;:26438,&quot;productlink&quot;:&quot;https:\\\/\\\/baturina-homewear.com\\\/de\\\/produkt\\\/herren-hausmantel-schwarzer-wollsatin-mit-kordel-paspelierung\\\/&quot;,&quot;item_list_name&quot;:&quot;General Product List&quot;,&quot;index&quot;:4,&quot;product_type&quot;:&quot;simple&quot;,&quot;item_brand&quot;:&quot;&quot;}\"><\/span>\n\t\t\t\t\n\t\t\t<\/div>\n<\/div>\n<\/div>\n\t\t\t\t\t\t\t\t<div class=\"wd-product wd-col wd-hover-tiled product-grid-item product type-product post-26421 status-publish first instock product_cat-herren-hausmantel product_cat-morgenmaentel product_cat-warme-mantel product_cat-winter-lounge product_cat-wolle-bademantel product_tag-custom-size-de product_tag-monogram-de has-post-thumbnail taxable shipping-taxable purchasable product-type-simple\" data-loop=\"4\" data-id=\"26421\">\n\t\n<div class=\"wd-product-wrapper product-wrapper\">\n\t<div class=\"wd-product-thumb product-element-top wd-quick-shop\">\n\t\t<a href=\"https:\/\/baturina-homewear.com\/de\/produkt\/herren-hausmantel-burgundy-wool-navy-satin-mit-kordel-piping\/\" class=\"wd-product-img-link product-image-link\" tabindex=\"-1\" aria-label=\"Herren Hausmantel Weinrot Wolle\">\n\t\t\t<img decoding=\"async\" width=\"683\" height=\"1024\" src=\"https:\/\/baturina-homewear.com\/wp-content\/uploads\/2022\/06\/burgundy1-wool-dressing-gown-683x1024.jpg\" class=\"attachment-large size-large\" alt=\", Dressing Gowns and Pajamas by Baturina Homewear\" srcset=\"https:\/\/baturina-homewear.com\/wp-content\/uploads\/2022\/06\/burgundy1-wool-dressing-gown-683x1024.jpg 683w, https:\/\/baturina-homewear.com\/wp-content\/uploads\/2022\/06\/burgundy1-wool-dressing-gown-200x300.jpg 200w, https:\/\/baturina-homewear.com\/wp-content\/uploads\/2022\/06\/burgundy1-wool-dressing-gown-768x1152.jpg 768w, https:\/\/baturina-homewear.com\/wp-content\/uploads\/2022\/06\/burgundy1-wool-dressing-gown-370x555.jpg 370w, https:\/\/baturina-homewear.com\/wp-content\/uploads\/2022\/06\/burgundy1-wool-dressing-gown-670x1005.jpg 670w, https:\/\/baturina-homewear.com\/wp-content\/uploads\/2022\/06\/burgundy1-wool-dressing-gown-130x195.jpg 130w, https:\/\/baturina-homewear.com\/wp-content\/uploads\/2022\/06\/burgundy1-wool-dressing-gown-266x400.jpg 266w, https:\/\/baturina-homewear.com\/wp-content\/uploads\/2022\/06\/burgundy1-wool-dressing-gown-400x600.jpg 400w, https:\/\/baturina-homewear.com\/wp-content\/uploads\/2022\/06\/burgundy1-wool-dressing-gown.jpg 1000w\" sizes=\"(max-width: 683px) 100vw, 683px\" title=\"\">\t\t<\/a>\n\n\t\t\n\t\t<div class=\"wd-buttons wd-pos-r-t\">\n\t\t\t\t\t\t<div class=\"wd-add-btn wd-action-btn wd-style-icon wd-add-cart-icon\"><a href=\"https:\/\/baturina-homewear.com\/de\/produkt\/herren-hausmantel-burgundy-wool-navy-satin-mit-kordel-piping\/\" aria-describedby=\"woocommerce_loop_add_to_cart_link_describedby_26421\" data-quantity=\"1\" class=\"button product_type_simple add_to_cart_button add-to-cart-loop\" data-product_id=\"26421\" data-product_sku=\"18148\" aria-label=\"In den Warenkorb legen: \u201eHerren Hausmantel Weinrot Wolle\u201c\" rel=\"nofollow\" data-success_message=\"\u201eHerren Hausmantel Weinrot Wolle\u201c wurde deinem Warenkorb hinzugef\u00fcgt\"><span class=\"wd-action-icon\"><span class=\"wd-check-icon\"><\/span><\/span><span class=\"wd-action-text\">Ausf\u00fchrung w\u00e4hlen<\/span><\/a>\t<span id=\"woocommerce_loop_add_to_cart_link_describedby_26421\" class=\"screen-reader-text\">\n\t\t\t<\/span>\n<\/div>\n\t\t\t\t\t\t\t\t\t\t\t<\/div>\n\t<\/div>\n\n\t<div class=\"product-element-bottom\">\n\t\t<h3 class=\"wd-entities-title\"><a href=\"https:\/\/baturina-homewear.com\/de\/produkt\/herren-hausmantel-burgundy-wool-navy-satin-mit-kordel-piping\/\">Herren Hausmantel Weinrot Wolle<\/a><\/h3>\t\t\t\t\t\t\t\t\t\t\t\n\t\t\t\t<div class=\"star-rating\" role=\"img\" aria-label=\"Bewertet mit 5.00 von 5\">\n\t\t\t\t\t<span style=\"width:100%\">\n\t\t\tBewertet mit <strong class=\"rating\">5.00<\/strong> von 5\t\t<\/span>\n\t\t\t\t<\/div>\n\n\t\t\n\t\t\t\t\t\t\t\t\t\t\n\t<span class=\"price\"><span class=\"woocommerce-Price-amount amount\"><bdi><span class=\"woocommerce-Price-currencySymbol\">&#36;<\/span>665.64<\/bdi><\/span><span class=\"price-suffix\">Includes U.S. import taxes &amp; duties<\/span><\/span>\n\n\t\t<span class=\"gtm4wp_productdata\" style=\"display:none; visibility:hidden;\" data-gtm4wp_product_data=\"{&quot;internal_id&quot;:26421,&quot;item_id&quot;:26421,&quot;item_name&quot;:&quot;Herren Hausmantel Weinrot Wolle&quot;,&quot;sku&quot;:&quot;18148&quot;,&quot;price&quot;:665.64,&quot;stocklevel&quot;:null,&quot;stockstatus&quot;:&quot;instock&quot;,&quot;google_business_vertical&quot;:&quot;retail&quot;,&quot;item_category&quot;:&quot;Hausm\\u00e4ntel&quot;,&quot;id&quot;:26421,&quot;productlink&quot;:&quot;https:\\\/\\\/baturina-homewear.com\\\/de\\\/produkt\\\/herren-hausmantel-burgundy-wool-navy-satin-mit-kordel-piping\\\/&quot;,&quot;item_list_name&quot;:&quot;General Product List&quot;,&quot;index&quot;:5,&quot;product_type&quot;:&quot;simple&quot;,&quot;item_brand&quot;:&quot;&quot;}\"><\/span>\n\t\t\t\t\n\t\t\t<\/div>\n<\/div>\n<\/div>\n\t\t\t\t\t\t\t\t<div class=\"wd-product wd-col wd-hover-tiled product-grid-item product type-product post-26420 status-publish instock product_cat-herren-hausmantel product_cat-morgenmaentel product_cat-warme-mantel product_cat-winter-lounge product_cat-wolle-bademantel product_tag-custom-size-de product_tag-monogram-de has-post-thumbnail taxable shipping-taxable purchasable product-type-simple\" data-loop=\"5\" data-id=\"26420\">\n\t\n<div class=\"wd-product-wrapper product-wrapper\">\n\t<div class=\"wd-product-thumb product-element-top wd-quick-shop\">\n\t\t<a href=\"https:\/\/baturina-homewear.com\/de\/produkt\/herren-hausmantel-waldgrun-wolle-navy-satin-mit-kordel-paspel\/\" class=\"wd-product-img-link product-image-link\" tabindex=\"-1\" aria-label=\"Herren Hausmantel Waldgr\u00fcn Wolle\">\n\t\t\t<img decoding=\"async\" width=\"683\" height=\"1024\" src=\"https:\/\/baturina-homewear.com\/wp-content\/uploads\/2022\/06\/green1-wool-dressing-gown-1-683x1024.jpg\" class=\"attachment-large size-large\" alt=\"Morgenmantel aus Wolle f\u00fcr Herren\" srcset=\"https:\/\/baturina-homewear.com\/wp-content\/uploads\/2022\/06\/green1-wool-dressing-gown-1-683x1024.jpg 683w, https:\/\/baturina-homewear.com\/wp-content\/uploads\/2022\/06\/green1-wool-dressing-gown-1-200x300.jpg 200w, https:\/\/baturina-homewear.com\/wp-content\/uploads\/2022\/06\/green1-wool-dressing-gown-1-768x1152.jpg 768w, https:\/\/baturina-homewear.com\/wp-content\/uploads\/2022\/06\/green1-wool-dressing-gown-1-370x555.jpg 370w, https:\/\/baturina-homewear.com\/wp-content\/uploads\/2022\/06\/green1-wool-dressing-gown-1-670x1005.jpg 670w, https:\/\/baturina-homewear.com\/wp-content\/uploads\/2022\/06\/green1-wool-dressing-gown-1-130x195.jpg 130w, https:\/\/baturina-homewear.com\/wp-content\/uploads\/2022\/06\/green1-wool-dressing-gown-1-266x400.jpg 266w, https:\/\/baturina-homewear.com\/wp-content\/uploads\/2022\/06\/green1-wool-dressing-gown-1-400x600.jpg 400w, https:\/\/baturina-homewear.com\/wp-content\/uploads\/2022\/06\/green1-wool-dressing-gown-1.jpg 1000w\" sizes=\"(max-width: 683px) 100vw, 683px\" title=\"\">\t\t<\/a>\n\n\t\t\n\t\t<div class=\"wd-buttons wd-pos-r-t\">\n\t\t\t\t\t\t<div class=\"wd-add-btn wd-action-btn wd-style-icon wd-add-cart-icon\"><a href=\"https:\/\/baturina-homewear.com\/de\/produkt\/herren-hausmantel-waldgrun-wolle-navy-satin-mit-kordel-paspel\/\" aria-describedby=\"woocommerce_loop_add_to_cart_link_describedby_26420\" data-quantity=\"1\" class=\"button product_type_simple add_to_cart_button add-to-cart-loop\" data-product_id=\"26420\" data-product_sku=\"35366\" aria-label=\"In den Warenkorb legen: \u201eHerren Hausmantel Waldgr\u00fcn Wolle\u201c\" rel=\"nofollow\" data-success_message=\"\u201eHerren Hausmantel Waldgr\u00fcn Wolle\u201c wurde deinem Warenkorb hinzugef\u00fcgt\"><span class=\"wd-action-icon\"><span class=\"wd-check-icon\"><\/span><\/span><span class=\"wd-action-text\">Ausf\u00fchrung w\u00e4hlen<\/span><\/a>\t<span id=\"woocommerce_loop_add_to_cart_link_describedby_26420\" class=\"screen-reader-text\">\n\t\t\t<\/span>\n<\/div>\n\t\t\t\t\t\t\t\t\t\t\t<\/div>\n\t<\/div>\n\n\t<div class=\"product-element-bottom\">\n\t\t<h3 class=\"wd-entities-title\"><a href=\"https:\/\/baturina-homewear.com\/de\/produkt\/herren-hausmantel-waldgrun-wolle-navy-satin-mit-kordel-paspel\/\">Herren Hausmantel Waldgr\u00fcn Wolle<\/a><\/h3>\t\t\t\t\t\t\t\t\t\t\t\n\t\t\t\t<div class=\"star-rating\" role=\"img\" aria-label=\"Bewertet mit 5.00 von 5\">\n\t\t\t\t\t<span style=\"width:100%\">\n\t\t\tBewertet mit <strong class=\"rating\">5.00<\/strong> von 5\t\t<\/span>\n\t\t\t\t<\/div>\n\n\t\t\n\t\t\t\t\t\t\t\t\t\t\n\t<span class=\"price\"><span class=\"woocommerce-Price-amount amount\"><bdi><span class=\"woocommerce-Price-currencySymbol\">&#36;<\/span>665.64<\/bdi><\/span><span class=\"price-suffix\">Includes U.S. import taxes &amp; duties<\/span><\/span>\n\n\t\t<span class=\"gtm4wp_productdata\" style=\"display:none; visibility:hidden;\" data-gtm4wp_product_data=\"{&quot;internal_id&quot;:26420,&quot;item_id&quot;:26420,&quot;item_name&quot;:&quot;Herren Hausmantel Waldgr\\u00fcn Wolle&quot;,&quot;sku&quot;:&quot;35366&quot;,&quot;price&quot;:665.64,&quot;stocklevel&quot;:null,&quot;stockstatus&quot;:&quot;instock&quot;,&quot;google_business_vertical&quot;:&quot;retail&quot;,&quot;item_category&quot;:&quot;Hausm\\u00e4ntel&quot;,&quot;id&quot;:26420,&quot;productlink&quot;:&quot;https:\\\/\\\/baturina-homewear.com\\\/de\\\/produkt\\\/herren-hausmantel-waldgrun-wolle-navy-satin-mit-kordel-paspel\\\/&quot;,&quot;item_list_name&quot;:&quot;General Product List&quot;,&quot;index&quot;:6,&quot;product_type&quot;:&quot;simple&quot;,&quot;item_brand&quot;:&quot;&quot;}\"><\/span>\n\t\t\t\t\n\t\t\t<\/div>\n<\/div>\n<\/div>\n\t\t\t\t\t\t\t\t<div class=\"wd-product wd-col wd-hover-tiled product-grid-item product type-product post-26447 status-publish instock product_cat-herren-hausmantel product_cat-morgenmaentel product_cat-warme-mantel product_cat-wolle-bademantel product_tag-custom-size-de product_tag-monogram-de has-post-thumbnail taxable shipping-taxable purchasable product-type-simple\" data-loop=\"6\" data-id=\"26447\">\n\t\n<div class=\"wd-product-wrapper product-wrapper\">\n\t<div class=\"wd-product-thumb product-element-top wd-quick-shop\">\n\t\t<a href=\"https:\/\/baturina-homewear.com\/de\/produkt\/herren-tracht-hausmantel-grauer-wolle-schwarzer-satin-mit-kordel-paspel\/\" class=\"wd-product-img-link product-image-link\" tabindex=\"-1\" aria-label=\"Herren Hausmantel Graue Wolle\">\n\t\t\t<img decoding=\"async\" width=\"683\" height=\"1024\" src=\"https:\/\/baturina-homewear.com\/wp-content\/uploads\/2022\/06\/gray1-wool-dressing-gown-683x1024.jpg\" class=\"attachment-large size-large\" alt=\"Morgenmantel aus Wolle f\u00fcr Herren\" srcset=\"https:\/\/baturina-homewear.com\/wp-content\/uploads\/2022\/06\/gray1-wool-dressing-gown-683x1024.jpg 683w, https:\/\/baturina-homewear.com\/wp-content\/uploads\/2022\/06\/gray1-wool-dressing-gown-200x300.jpg 200w, https:\/\/baturina-homewear.com\/wp-content\/uploads\/2022\/06\/gray1-wool-dressing-gown-768x1152.jpg 768w, https:\/\/baturina-homewear.com\/wp-content\/uploads\/2022\/06\/gray1-wool-dressing-gown-370x555.jpg 370w, https:\/\/baturina-homewear.com\/wp-content\/uploads\/2022\/06\/gray1-wool-dressing-gown-670x1005.jpg 670w, https:\/\/baturina-homewear.com\/wp-content\/uploads\/2022\/06\/gray1-wool-dressing-gown-130x195.jpg 130w, https:\/\/baturina-homewear.com\/wp-content\/uploads\/2022\/06\/gray1-wool-dressing-gown-266x400.jpg 266w, https:\/\/baturina-homewear.com\/wp-content\/uploads\/2022\/06\/gray1-wool-dressing-gown-400x600.jpg 400w, https:\/\/baturina-homewear.com\/wp-content\/uploads\/2022\/06\/gray1-wool-dressing-gown.jpg 1000w\" sizes=\"(max-width: 683px) 100vw, 683px\" title=\"\">\t\t<\/a>\n\n\t\t\n\t\t<div class=\"wd-buttons wd-pos-r-t\">\n\t\t\t\t\t\t<div class=\"wd-add-btn wd-action-btn wd-style-icon wd-add-cart-icon\"><a href=\"https:\/\/baturina-homewear.com\/de\/produkt\/herren-tracht-hausmantel-grauer-wolle-schwarzer-satin-mit-kordel-paspel\/\" aria-describedby=\"woocommerce_loop_add_to_cart_link_describedby_26447\" data-quantity=\"1\" class=\"button product_type_simple add_to_cart_button add-to-cart-loop\" data-product_id=\"26447\" data-product_sku=\"93954\" aria-label=\"In den Warenkorb legen: \u201eHerren Hausmantel Graue Wolle\u201c\" rel=\"nofollow\" data-success_message=\"\u201eHerren Hausmantel Graue Wolle\u201c wurde deinem Warenkorb hinzugef\u00fcgt\"><span class=\"wd-action-icon\"><span class=\"wd-check-icon\"><\/span><\/span><span class=\"wd-action-text\">Ausf\u00fchrung w\u00e4hlen<\/span><\/a>\t<span id=\"woocommerce_loop_add_to_cart_link_describedby_26447\" class=\"screen-reader-text\">\n\t\t\t<\/span>\n<\/div>\n\t\t\t\t\t\t\t\t\t\t\t<\/div>\n\t<\/div>\n\n\t<div class=\"product-element-bottom\">\n\t\t<h3 class=\"wd-entities-title\"><a href=\"https:\/\/baturina-homewear.com\/de\/produkt\/herren-tracht-hausmantel-grauer-wolle-schwarzer-satin-mit-kordel-paspel\/\">Herren Hausmantel Graue Wolle<\/a><\/h3>\t\t\t\t\t\t\t\t\t\t\t\n\t\t\t\t<div class=\"star-rating\" role=\"img\" aria-label=\"Bewertet mit 5.00 von 5\">\n\t\t\t\t\t<span style=\"width:100%\">\n\t\t\tBewertet mit <strong class=\"rating\">5.00<\/strong> von 5\t\t<\/span>\n\t\t\t\t<\/div>\n\n\t\t\n\t\t\t\t\t\t\t\t\t\t\n\t<span class=\"price\"><span class=\"woocommerce-Price-amount amount\"><bdi><span class=\"woocommerce-Price-currencySymbol\">&#36;<\/span>665.64<\/bdi><\/span><span class=\"price-suffix\">Includes U.S. import taxes &amp; duties<\/span><\/span>\n\n\t\t<span class=\"gtm4wp_productdata\" style=\"display:none; visibility:hidden;\" data-gtm4wp_product_data=\"{&quot;internal_id&quot;:26447,&quot;item_id&quot;:26447,&quot;item_name&quot;:&quot;Herren Hausmantel Graue Wolle&quot;,&quot;sku&quot;:&quot;93954&quot;,&quot;price&quot;:665.64,&quot;stocklevel&quot;:null,&quot;stockstatus&quot;:&quot;instock&quot;,&quot;google_business_vertical&quot;:&quot;retail&quot;,&quot;item_category&quot;:&quot;Hausm\\u00e4ntel&quot;,&quot;id&quot;:26447,&quot;productlink&quot;:&quot;https:\\\/\\\/baturina-homewear.com\\\/de\\\/produkt\\\/herren-tracht-hausmantel-grauer-wolle-schwarzer-satin-mit-kordel-paspel\\\/&quot;,&quot;item_list_name&quot;:&quot;General Product List&quot;,&quot;index&quot;:7,&quot;product_type&quot;:&quot;simple&quot;,&quot;item_brand&quot;:&quot;&quot;}\"><\/span>\n\t\t\t\t\n\t\t\t<\/div>\n<\/div>\n<\/div>\n\t\t\n\t\t\t\t<\/div>\n\t\n\t\t\n\t\t\n\t\t\t\t\t<\/div>\n\t\t\n\t\t\t\t\t\t<\/div>\n\t\t\t\t<\/div>\n\t\t\t\t<div class=\"elementor-element elementor-element-190f212 color-scheme-inherit text-left elementor-widget elementor-widget-text-editor\" data-id=\"190f212\" data-element_type=\"widget\" data-e-type=\"widget\" data-widget_type=\"text-editor.default\">\n\t\t\t\t<div class=\"elementor-widget-container\">\n\t\t\t\t\t\t\t\t\t<h2>Herren Morgenm\u00e4ntel aus Wolle<\/h2><p>In den k\u00e4lteren Monaten gibt es nichts Sch\u00f6neres als die Pr\u00e4senz von Wolle. Ein Morgenmantel aus Wolle h\u00e4lt Sie nicht nur warm. Er schafft ein Gef\u00fchl der Geborgenheit. Der Stoff isoliert auf nat\u00fcrliche Weise, h\u00e4lt die W\u00e4rme nah am K\u00f6rper und bleibt dabei atmungsaktiv. Er hat ein Gewicht, eine Struktur und eine gewisse Schwere, die die Art und Weise, wie man sich tr\u00e4gt, sofort ver\u00e4ndert. In Wolle geh\u00fcllt verlangsamt sich die Welt ein wenig. Ganz gleich, ob es drau\u00dfen schneit oder ob Sie die Heizung lieber niedrig halten, ein Morgenmantel aus Wolle bietet eine Art von Komfort, der sich sowohl praktisch als auch \u00e4u\u00dferst luxuri\u00f6s anf\u00fchlt.      <\/p>\t\t\t\t\t\t\t\t<\/div>\n\t\t\t\t<\/div>\n\t\t\t\t<div class=\"elementor-element elementor-element-a77dfea color-scheme-inherit text-left elementor-widget elementor-widget-text-editor\" data-id=\"a77dfea\" data-element_type=\"widget\" data-e-type=\"widget\" data-widget_type=\"text-editor.default\">\n\t\t\t\t<div class=\"elementor-widget-container\">\n\t\t\t\t\t\t\t\t\t<p>Sie hat auch etwas Zeitloses an sich. Wolle wird seit Jahrhunderten verwendet, und das aus gutem Grund. Sie passt sich an, ist langlebig und altert wunderbar. Mit der Zeit wird sie weicher, pers\u00f6nlicher und pers\u00f6nlicher. Ein gut gemachter Morgenmantel aus Wolle ist nicht saisonal im \u00fcblichen Sinne. Er wird Jahr f\u00fcr Jahr zu einem Teil Ihrer Routine.     <\/p>\t\t\t\t\t\t\t\t<\/div>\n\t\t\t\t<\/div>\n\t\t\t\t<div class=\"elementor-element elementor-element-802b8de elementor-widget elementor-widget-gallery\" data-id=\"802b8de\" data-element_type=\"widget\" data-e-type=\"widget\" data-settings=\"{&quot;gallery_layout&quot;:&quot;masonry&quot;,&quot;columns&quot;:3,&quot;link_to&quot;:&quot;custom&quot;,&quot;url&quot;:{&quot;url&quot;:&quot;https:\\\/\\\/baturina-homewear.com\\\/de\\\/produkt-kategorie\\\/morgenmaentel\\\/wolle-bademantel\\\/&quot;,&quot;is_external&quot;:&quot;&quot;,&quot;nofollow&quot;:&quot;&quot;,&quot;custom_attributes&quot;:&quot;&quot;},&quot;lazyload&quot;:&quot;yes&quot;,&quot;columns_tablet&quot;:2,&quot;columns_mobile&quot;:1,&quot;gap&quot;:{&quot;unit&quot;:&quot;px&quot;,&quot;size&quot;:10,&quot;sizes&quot;:[]},&quot;gap_widescreen&quot;:{&quot;unit&quot;:&quot;px&quot;,&quot;size&quot;:&quot;&quot;,&quot;sizes&quot;:[]},&quot;gap_laptop&quot;:{&quot;unit&quot;:&quot;px&quot;,&quot;size&quot;:10,&quot;sizes&quot;:[]},&quot;gap_tablet_extra&quot;:{&quot;unit&quot;:&quot;px&quot;,&quot;size&quot;:10,&quot;sizes&quot;:[]},&quot;gap_tablet&quot;:{&quot;unit&quot;:&quot;px&quot;,&quot;size&quot;:10,&quot;sizes&quot;:[]},&quot;gap_mobile_extra&quot;:{&quot;unit&quot;:&quot;px&quot;,&quot;size&quot;:10,&quot;sizes&quot;:[]},&quot;gap_mobile&quot;:{&quot;unit&quot;:&quot;px&quot;,&quot;size&quot;:10,&quot;sizes&quot;:[]},&quot;overlay_background&quot;:&quot;yes&quot;}\" data-widget_type=\"gallery.default\">\n\t\t\t\t<div class=\"elementor-widget-container\">\n\t\t\t\t\t\t\t<div class=\"elementor-gallery__container\">\n\t\t\t\t\t\t\t<a class=\"e-gallery-item elementor-gallery-item\" href=\"https:\/\/baturina-homewear.com\/de\/produkt-kategorie\/morgenmaentel\/wolle-bademantel\/\">\n\t\t\t\t\t<div class=\"e-gallery-image elementor-gallery-item__image\" data-thumbnail=\"https:\/\/baturina-homewear.com\/wp-content\/uploads\/2025\/01\/wool-robe7-683x1024.jpg\" data-width=\"683\" data-height=\"1024\" aria-label=\"\" role=\"img\" ><\/div>\n\t\t\t\t\t\t\t\t\t\t\t<div class=\"elementor-gallery-item__overlay\"><\/div>\n\t\t\t\t\t\t\t\t\t\t\t\t\t\t<\/a>\n\t\t\t\t\t\t\t<a class=\"e-gallery-item elementor-gallery-item\" href=\"https:\/\/baturina-homewear.com\/de\/produkt-kategorie\/morgenmaentel\/wolle-bademantel\/\">\n\t\t\t\t\t<div class=\"e-gallery-image elementor-gallery-item__image\" data-thumbnail=\"https:\/\/baturina-homewear.com\/wp-content\/uploads\/2025\/01\/wool-robe13-683x1024.jpg\" data-width=\"683\" data-height=\"1024\" aria-label=\"\" role=\"img\" ><\/div>\n\t\t\t\t\t\t\t\t\t\t\t<div class=\"elementor-gallery-item__overlay\"><\/div>\n\t\t\t\t\t\t\t\t\t\t\t\t\t\t<\/a>\n\t\t\t\t\t\t\t<a class=\"e-gallery-item elementor-gallery-item\" href=\"https:\/\/baturina-homewear.com\/de\/produkt-kategorie\/morgenmaentel\/wolle-bademantel\/\">\n\t\t\t\t\t<div class=\"e-gallery-image elementor-gallery-item__image\" data-thumbnail=\"https:\/\/baturina-homewear.com\/wp-content\/uploads\/2026\/04\/8baturina-homewear-summer-collection-bts-683x1024.jpg\" data-width=\"683\" data-height=\"1024\" aria-label=\"\" role=\"img\" ><\/div>\n\t\t\t\t\t\t\t\t\t\t\t<div class=\"elementor-gallery-item__overlay\"><\/div>\n\t\t\t\t\t\t\t\t\t\t\t\t\t\t<\/a>\n\t\t\t\t\t\t\t<a class=\"e-gallery-item elementor-gallery-item\" href=\"https:\/\/baturina-homewear.com\/de\/produkt-kategorie\/morgenmaentel\/wolle-bademantel\/\">\n\t\t\t\t\t<div class=\"e-gallery-image elementor-gallery-item__image\" data-thumbnail=\"https:\/\/baturina-homewear.com\/wp-content\/uploads\/2026\/04\/5baturina-homewear-summer-collection-bts-683x1024.jpg\" data-width=\"683\" data-height=\"1024\" aria-label=\"\" role=\"img\" ><\/div>\n\t\t\t\t\t\t\t\t\t\t\t<div class=\"elementor-gallery-item__overlay\"><\/div>\n\t\t\t\t\t\t\t\t\t\t\t\t\t\t<\/a>\n\t\t\t\t\t\t\t<a class=\"e-gallery-item elementor-gallery-item\" href=\"https:\/\/baturina-homewear.com\/de\/produkt-kategorie\/morgenmaentel\/wolle-bademantel\/\">\n\t\t\t\t\t<div class=\"e-gallery-image elementor-gallery-item__image\" data-thumbnail=\"https:\/\/baturina-homewear.com\/wp-content\/uploads\/2026\/04\/baturina-homewear-summer-collection-bts-683x1024.jpg\" data-width=\"683\" data-height=\"1024\" aria-label=\"\" role=\"img\" ><\/div>\n\t\t\t\t\t\t\t\t\t\t\t<div class=\"elementor-gallery-item__overlay\"><\/div>\n\t\t\t\t\t\t\t\t\t\t\t\t\t\t<\/a>\n\t\t\t\t\t\t\t<a class=\"e-gallery-item elementor-gallery-item\" href=\"https:\/\/baturina-homewear.com\/de\/produkt-kategorie\/morgenmaentel\/wolle-bademantel\/\">\n\t\t\t\t\t<div class=\"e-gallery-image elementor-gallery-item__image\" data-thumbnail=\"https:\/\/baturina-homewear.com\/wp-content\/uploads\/2026\/04\/10baturina-homewear-summer-collection-bts-683x1024.jpg\" data-width=\"683\" data-height=\"1024\" aria-label=\"\" role=\"img\" ><\/div>\n\t\t\t\t\t\t\t\t\t\t\t<div class=\"elementor-gallery-item__overlay\"><\/div>\n\t\t\t\t\t\t\t\t\t\t\t\t\t\t<\/a>\n\t\t\t\t\t<\/div>\n\t\t\t\t\t<\/div>\n\t\t\t\t<\/div>\n\t\t\t\t<div class=\"elementor-element elementor-element-ea2ca85 color-scheme-inherit text-left elementor-widget elementor-widget-text-editor\" data-id=\"ea2ca85\" data-element_type=\"widget\" data-e-type=\"widget\" data-widget_type=\"text-editor.default\">\n\t\t\t\t<div class=\"elementor-widget-container\">\n\t\t\t\t\t\t\t\t\t<h2>Herren Morgenm\u00e4ntel aus Leinen<\/h2><p>Und dann kommt die Wende. Die Tage werden w\u00e4rmer, die Luft \u00e4ndert sich, und pl\u00f6tzlich ist Schwere nicht mehr das, was man will. An dieser Stelle kommt Leinen m\u00fchelos ins Spiel.  <\/p><p>Ein leichter Morgenmantel aus Leinen f\u00fchlt sich ganz anders an, ist aber genauso wichtig. Er ist atmungsaktiv, luftig und k\u00fchlt nat\u00fcrlich auf der Haut. Leinen klebt nicht. Es l\u00e4sst Bewegung, Raum und Leichtigkeit zu. Man tr\u00e4gt ihn, ohne dar\u00fcber nachzudenken, und doch pr\u00e4gt er, wie man den Tag erlebt.    <\/p>\t\t\t\t\t\t\t\t<\/div>\n\t\t\t\t<\/div>\n\t\t\t\t<div class=\"elementor-element elementor-element-b76975e wd-width-100 elementor-widget elementor-widget-wd_products\" data-id=\"b76975e\" data-element_type=\"widget\" data-e-type=\"widget\" data-widget_type=\"wd_products.default\">\n\t\t\t\t<div class=\"elementor-widget-container\">\n\t\t\t\t\t\t\t\t\t\t<div class=\"wd-products-element with-title\">\n\n\t\t\t\t\t\t\t<h4 class=\"wd-el-title title element-title\">Morgenm\u00e4ntel aus Leinen f\u00fcr den Sommer<\/h4>\t\t\t\n\t\t\t\n\t\t\t\n\t\t\t<div class=\"products wd-products pagination-more-btn grid-columns-4 elements-grid wd-grid-g wd-loop-builder-off title-line-two wd-stretch-cont-lg\" data-paged=\"1\" data-atts=\"{&quot;speed&quot;:null,&quot;slides_per_view&quot;:null,&quot;wrap&quot;:null,&quot;autoplay&quot;:null,&quot;autoheight&quot;:null,&quot;hide_pagination_control&quot;:null,&quot;dynamic_pagination_control&quot;:null,&quot;hide_prev_next_buttons&quot;:null,&quot;carousel_arrows_position&quot;:null,&quot;hide_scrollbar&quot;:null,&quot;scroll_per_page&quot;:null,&quot;center_mode&quot;:null,&quot;post_type&quot;:&quot;ids&quot;,&quot;spacing&quot;:&quot;&quot;,&quot;carousel_sync&quot;:null,&quot;sync_parent_id&quot;:null,&quot;sync_child_id&quot;:null,&quot;scroll_carousel_init&quot;:null,&quot;disable_overflow_carousel&quot;:null,&quot;element_title&quot;:&quot;Morgenm\\u00e4ntel aus Leinen f\\u00fcr den Sommer&quot;,&quot;include&quot;:[&quot;79785&quot;,&quot;79620&quot;,&quot;79467&quot;,&quot;80611&quot;],&quot;taxonomies&quot;:null,&quot;offset&quot;:null,&quot;query_type&quot;:&quot;AND&quot;,&quot;order&quot;:null,&quot;meta_key&quot;:null,&quot;exclude&quot;:null,&quot;shop_tools&quot;:null,&quot;ajax_recently_viewed&quot;:null,&quot;pagination&quot;:&quot;more-btn&quot;,&quot;pagination_arrows_position&quot;:null,&quot;items_per_page&quot;:4,&quot;list_spacing&quot;:null,&quot;columns&quot;:{&quot;unit&quot;:&quot;px&quot;,&quot;size&quot;:4,&quot;sizes&quot;:[]},&quot;products_masonry&quot;:&quot;&quot;,&quot;products_different_sizes&quot;:&quot;&quot;,&quot;product_quantity&quot;:&quot;&quot;,&quot;product_custom_hover&quot;:null,&quot;sale_countdown&quot;:&quot;0&quot;,&quot;stretch_product&quot;:null,&quot;stock_progress_bar&quot;:&quot;0&quot;,&quot;highlighted_products&quot;:&quot;0&quot;,&quot;products_divider&quot;:null,&quot;products_bordered_grid&quot;:&quot;0&quot;,&quot;products_bordered_grid_style&quot;:null,&quot;products_with_background&quot;:&quot;0&quot;,&quot;products_shadow&quot;:&quot;0&quot;,&quot;img_size&quot;:&quot;large&quot;,&quot;img_size_custom&quot;:null,&quot;grid_gallery_control&quot;:null,&quot;grid_gallery_enable_arrows&quot;:null,&quot;elementor&quot;:true,&quot;force_not_ajax&quot;:&quot;no&quot;}\" data-source=\"shortcode\" data-columns=\"4\" style=\"--wd-col-lg:4;--wd-col-md:4;--wd-col-sm:2;--wd-gap-lg:10px;--wd-gap-sm:6px;\">\n\t\t\n\t\t\t\t\t\t\t\t<div class=\"wd-product wd-col wd-hover-tiled product-grid-item product type-product post-79663 status-publish instock product_cat-sommer-mantel product_cat-herren-hausmantel product_cat-morgenmaentel product_cat-kollektionen product_cat-sommer-entspannung product_tag-custom-size-de product_tag-monogram-de has-post-thumbnail taxable shipping-taxable purchasable product-type-simple\" data-loop=\"1\" data-id=\"79663\">\n\t\n<div class=\"wd-product-wrapper product-wrapper\">\n\t<div class=\"wd-product-thumb product-element-top wd-quick-shop\">\n\t\t<a href=\"https:\/\/baturina-homewear.com\/de\/produkt\/herren-hausmantel-dunkelblaues-leinen-mit-weissen-paspeln\/\" class=\"wd-product-img-link product-image-link\" tabindex=\"-1\" aria-label=\"Herren Hausmantel Dunkelblau Leinen\">\n\t\t\t\t\t\t<div class=\"product-labels labels-rounded-sm\">\n\t\t\t\t<span class=\"new product-label wd-shape-round-sm\">Neu<\/span>\t\t\t<\/div>\n\t\t\t<img decoding=\"async\" width=\"683\" height=\"1024\" src=\"https:\/\/baturina-homewear.com\/wp-content\/uploads\/2026\/03\/navy-blue-linen-dressing-gown-men-robe-683x1024.jpg\" class=\"attachment-large size-large\" alt=\", Dressing Gowns and Pajamas by Baturina Homewear\" srcset=\"https:\/\/baturina-homewear.com\/wp-content\/uploads\/2026\/03\/navy-blue-linen-dressing-gown-men-robe-683x1024.jpg 683w, https:\/\/baturina-homewear.com\/wp-content\/uploads\/2026\/03\/navy-blue-linen-dressing-gown-men-robe-200x300.jpg 200w, https:\/\/baturina-homewear.com\/wp-content\/uploads\/2026\/03\/navy-blue-linen-dressing-gown-men-robe-768x1152.jpg 768w, https:\/\/baturina-homewear.com\/wp-content\/uploads\/2026\/03\/navy-blue-linen-dressing-gown-men-robe-370x555.jpg 370w, https:\/\/baturina-homewear.com\/wp-content\/uploads\/2026\/03\/navy-blue-linen-dressing-gown-men-robe-670x1005.jpg 670w, https:\/\/baturina-homewear.com\/wp-content\/uploads\/2026\/03\/navy-blue-linen-dressing-gown-men-robe-150x225.jpg 150w, https:\/\/baturina-homewear.com\/wp-content\/uploads\/2026\/03\/navy-blue-linen-dressing-gown-men-robe.jpg 800w\" sizes=\"(max-width: 683px) 100vw, 683px\" title=\"\">\t\t<\/a>\n\n\t\t\n\t\t<div class=\"wd-buttons wd-pos-r-t\">\n\t\t\t\t\t\t<div class=\"wd-add-btn wd-action-btn wd-style-icon wd-add-cart-icon\"><a href=\"https:\/\/baturina-homewear.com\/de\/produkt\/herren-hausmantel-dunkelblaues-leinen-mit-weissen-paspeln\/\" aria-describedby=\"woocommerce_loop_add_to_cart_link_describedby_79663\" data-quantity=\"1\" class=\"button product_type_simple add_to_cart_button add-to-cart-loop\" data-product_id=\"79663\" data-product_sku=\"99662\" aria-label=\"In den Warenkorb legen: \u201eHerren Hausmantel Dunkelblau Leinen\u201c\" rel=\"nofollow\" data-success_message=\"\u201eHerren Hausmantel Dunkelblau Leinen\u201c wurde deinem Warenkorb hinzugef\u00fcgt\"><span class=\"wd-action-icon\"><span class=\"wd-check-icon\"><\/span><\/span><span class=\"wd-action-text\">Ausf\u00fchrung w\u00e4hlen<\/span><\/a>\t<span id=\"woocommerce_loop_add_to_cart_link_describedby_79663\" class=\"screen-reader-text\">\n\t\t\t<\/span>\n<\/div>\n\t\t\t\t\t\t\t\t\t\t\t<\/div>\n\t<\/div>\n\n\t<div class=\"product-element-bottom\">\n\t\t<h3 class=\"wd-entities-title\"><a href=\"https:\/\/baturina-homewear.com\/de\/produkt\/herren-hausmantel-dunkelblaues-leinen-mit-weissen-paspeln\/\">Herren Hausmantel Dunkelblau Leinen<\/a><\/h3>\t\t\t\t\t\t\t\t\t\t\n\t<span class=\"price\"><span class=\"woocommerce-Price-amount amount\"><bdi><span class=\"woocommerce-Price-currencySymbol\">&#36;<\/span>591.68<\/bdi><\/span><span class=\"price-suffix\">Includes U.S. import taxes &amp; duties<\/span><\/span>\n\n\t\t<span class=\"gtm4wp_productdata\" style=\"display:none; visibility:hidden;\" data-gtm4wp_product_data=\"{&quot;internal_id&quot;:79663,&quot;item_id&quot;:79663,&quot;item_name&quot;:&quot;Herren Hausmantel Dunkelblau Leinen&quot;,&quot;sku&quot;:&quot;99662&quot;,&quot;price&quot;:591.68,&quot;stocklevel&quot;:null,&quot;stockstatus&quot;:&quot;instock&quot;,&quot;google_business_vertical&quot;:&quot;retail&quot;,&quot;item_category&quot;:&quot;F\\u00fcr den Sommer&quot;,&quot;id&quot;:79663,&quot;productlink&quot;:&quot;https:\\\/\\\/baturina-homewear.com\\\/de\\\/produkt\\\/herren-hausmantel-dunkelblaues-leinen-mit-weissen-paspeln\\\/&quot;,&quot;item_list_name&quot;:&quot;General Product List&quot;,&quot;index&quot;:2,&quot;product_type&quot;:&quot;simple&quot;,&quot;item_brand&quot;:&quot;&quot;}\"><\/span>\n\t\t\t\t\n\t\t\t<\/div>\n<\/div>\n<\/div>\n\t\t\t\t\t\t\t\t<div class=\"wd-product wd-col wd-hover-tiled product-grid-item product type-product post-79651 status-publish instock product_cat-sommer-mantel product_cat-herren-hausmantel product_cat-morgenmaentel product_cat-kollektionen product_cat-sommer-entspannung product_tag-custom-size-de product_tag-monogram-de has-post-thumbnail taxable shipping-taxable purchasable product-type-simple\" data-loop=\"2\" data-id=\"79651\">\n\t\n<div class=\"wd-product-wrapper product-wrapper\">\n\t<div class=\"wd-product-thumb product-element-top wd-quick-shop\">\n\t\t<a href=\"https:\/\/baturina-homewear.com\/de\/produkt\/herren-hausmantel-olive-gruen-leinen\/\" class=\"wd-product-img-link product-image-link\" tabindex=\"-1\" aria-label=\"Herren Hausmantel Olive Gr\u00fcn Leinen\">\n\t\t\t\t\t\t<div class=\"product-labels labels-rounded-sm\">\n\t\t\t\t<span class=\"new product-label wd-shape-round-sm\">Neu<\/span>\t\t\t<\/div>\n\t\t\t<img decoding=\"async\" width=\"683\" height=\"1024\" src=\"https:\/\/baturina-homewear.com\/wp-content\/uploads\/2026\/03\/olive-green-linen-robe-dressing-gown-men-683x1024.jpg\" class=\"attachment-large size-large\" alt=\", Dressing Gowns and Pajamas by Baturina Homewear\" srcset=\"https:\/\/baturina-homewear.com\/wp-content\/uploads\/2026\/03\/olive-green-linen-robe-dressing-gown-men-683x1024.jpg 683w, https:\/\/baturina-homewear.com\/wp-content\/uploads\/2026\/03\/olive-green-linen-robe-dressing-gown-men-200x300.jpg 200w, https:\/\/baturina-homewear.com\/wp-content\/uploads\/2026\/03\/olive-green-linen-robe-dressing-gown-men-768x1152.jpg 768w, https:\/\/baturina-homewear.com\/wp-content\/uploads\/2026\/03\/olive-green-linen-robe-dressing-gown-men-370x555.jpg 370w, https:\/\/baturina-homewear.com\/wp-content\/uploads\/2026\/03\/olive-green-linen-robe-dressing-gown-men-670x1005.jpg 670w, https:\/\/baturina-homewear.com\/wp-content\/uploads\/2026\/03\/olive-green-linen-robe-dressing-gown-men-150x225.jpg 150w, https:\/\/baturina-homewear.com\/wp-content\/uploads\/2026\/03\/olive-green-linen-robe-dressing-gown-men.jpg 800w\" sizes=\"(max-width: 683px) 100vw, 683px\" title=\"\">\t\t<\/a>\n\n\t\t\n\t\t<div class=\"wd-buttons wd-pos-r-t\">\n\t\t\t\t\t\t<div class=\"wd-add-btn wd-action-btn wd-style-icon wd-add-cart-icon\"><a href=\"https:\/\/baturina-homewear.com\/de\/produkt\/herren-hausmantel-olive-gruen-leinen\/\" aria-describedby=\"woocommerce_loop_add_to_cart_link_describedby_79651\" data-quantity=\"1\" class=\"button product_type_simple add_to_cart_button add-to-cart-loop\" data-product_id=\"79651\" data-product_sku=\"26219\" aria-label=\"In den Warenkorb legen: \u201eHerren Hausmantel Olive Gr\u00fcn Leinen\u201c\" rel=\"nofollow\" data-success_message=\"\u201eHerren Hausmantel Olive Gr\u00fcn Leinen\u201c wurde deinem Warenkorb hinzugef\u00fcgt\"><span class=\"wd-action-icon\"><span class=\"wd-check-icon\"><\/span><\/span><span class=\"wd-action-text\">Ausf\u00fchrung w\u00e4hlen<\/span><\/a>\t<span id=\"woocommerce_loop_add_to_cart_link_describedby_79651\" class=\"screen-reader-text\">\n\t\t\t<\/span>\n<\/div>\n\t\t\t\t\t\t\t\t\t\t\t<\/div>\n\t<\/div>\n\n\t<div class=\"product-element-bottom\">\n\t\t<h3 class=\"wd-entities-title\"><a href=\"https:\/\/baturina-homewear.com\/de\/produkt\/herren-hausmantel-olive-gruen-leinen\/\">Herren Hausmantel Olive Gr\u00fcn Leinen<\/a><\/h3>\t\t\t\t\t\t\t\t\t\t\n\t<span class=\"price\"><span class=\"woocommerce-Price-amount amount\"><bdi><span class=\"woocommerce-Price-currencySymbol\">&#36;<\/span>591.68<\/bdi><\/span><span class=\"price-suffix\">Includes U.S. import taxes &amp; duties<\/span><\/span>\n\n\t\t<span class=\"gtm4wp_productdata\" style=\"display:none; visibility:hidden;\" data-gtm4wp_product_data=\"{&quot;internal_id&quot;:79651,&quot;item_id&quot;:79651,&quot;item_name&quot;:&quot;Herren Hausmantel Olive Gr\\u00fcn Leinen&quot;,&quot;sku&quot;:&quot;26219&quot;,&quot;price&quot;:591.68,&quot;stocklevel&quot;:null,&quot;stockstatus&quot;:&quot;instock&quot;,&quot;google_business_vertical&quot;:&quot;retail&quot;,&quot;item_category&quot;:&quot;F\\u00fcr den Sommer&quot;,&quot;id&quot;:79651,&quot;productlink&quot;:&quot;https:\\\/\\\/baturina-homewear.com\\\/de\\\/produkt\\\/herren-hausmantel-olive-gruen-leinen\\\/&quot;,&quot;item_list_name&quot;:&quot;General Product List&quot;,&quot;index&quot;:3,&quot;product_type&quot;:&quot;simple&quot;,&quot;item_brand&quot;:&quot;&quot;}\"><\/span>\n\t\t\t\t\n\t\t\t<\/div>\n<\/div>\n<\/div>\n\t\t\t\t\t\t\t\t<div class=\"wd-product wd-col wd-hover-tiled product-grid-item product type-product post-79928 status-publish last instock product_cat-morgenmaentel product_cat-bademantel product_cat-sommer-mantel product_cat-herren-hausmantel product_cat-kollektionen product_cat-sommer-entspannung product_tag-custom-size-de has-post-thumbnail taxable shipping-taxable purchasable product-type-simple\" data-loop=\"3\" data-id=\"79928\">\n\t\n<div class=\"wd-product-wrapper product-wrapper\">\n\t<div class=\"wd-product-thumb product-element-top wd-quick-shop\">\n\t\t<a href=\"https:\/\/baturina-homewear.com\/de\/produkt\/herren-hausmantel-weinrot-leinen\/\" class=\"wd-product-img-link product-image-link\" tabindex=\"-1\" aria-label=\"Herren Morgenmantel Burgund Leinen\">\n\t\t\t\t\t\t<div class=\"product-labels labels-rounded-sm\">\n\t\t\t\t<span class=\"new product-label wd-shape-round-sm\">Neu<\/span>\t\t\t<\/div>\n\t\t\t<img decoding=\"async\" width=\"683\" height=\"1024\" src=\"https:\/\/baturina-homewear.com\/wp-content\/uploads\/2026\/03\/Burgundy-linen-robe-classic-dressing-gown-683x1024.jpg\" class=\"attachment-large size-large\" alt=\", Dressing Gowns and Pajamas by Baturina Homewear\" srcset=\"https:\/\/baturina-homewear.com\/wp-content\/uploads\/2026\/03\/Burgundy-linen-robe-classic-dressing-gown-683x1024.jpg 683w, https:\/\/baturina-homewear.com\/wp-content\/uploads\/2026\/03\/Burgundy-linen-robe-classic-dressing-gown-200x300.jpg 200w, https:\/\/baturina-homewear.com\/wp-content\/uploads\/2026\/03\/Burgundy-linen-robe-classic-dressing-gown-768x1152.jpg 768w, https:\/\/baturina-homewear.com\/wp-content\/uploads\/2026\/03\/Burgundy-linen-robe-classic-dressing-gown-370x555.jpg 370w, https:\/\/baturina-homewear.com\/wp-content\/uploads\/2026\/03\/Burgundy-linen-robe-classic-dressing-gown-670x1005.jpg 670w, https:\/\/baturina-homewear.com\/wp-content\/uploads\/2026\/03\/Burgundy-linen-robe-classic-dressing-gown-150x225.jpg 150w, https:\/\/baturina-homewear.com\/wp-content\/uploads\/2026\/03\/Burgundy-linen-robe-classic-dressing-gown.jpg 800w\" sizes=\"(max-width: 683px) 100vw, 683px\" title=\"\">\t\t<\/a>\n\n\t\t\n\t\t<div class=\"wd-buttons wd-pos-r-t\">\n\t\t\t\t\t\t<div class=\"wd-add-btn wd-action-btn wd-style-icon wd-add-cart-icon\"><a href=\"https:\/\/baturina-homewear.com\/de\/produkt\/herren-hausmantel-weinrot-leinen\/\" aria-describedby=\"woocommerce_loop_add_to_cart_link_describedby_79928\" data-quantity=\"1\" class=\"button product_type_simple add_to_cart_button add-to-cart-loop\" data-product_id=\"79928\" data-product_sku=\"31513\" aria-label=\"In den Warenkorb legen: \u201eHerren Morgenmantel Burgund Leinen\u201c\" rel=\"nofollow\" data-success_message=\"\u201eHerren Morgenmantel Burgund Leinen\u201c wurde deinem Warenkorb hinzugef\u00fcgt\"><span class=\"wd-action-icon\"><span class=\"wd-check-icon\"><\/span><\/span><span class=\"wd-action-text\">Ausf\u00fchrung w\u00e4hlen<\/span><\/a>\t<span id=\"woocommerce_loop_add_to_cart_link_describedby_79928\" class=\"screen-reader-text\">\n\t\t\t<\/span>\n<\/div>\n\t\t\t\t\t\t\t\t\t\t\t<\/div>\n\t<\/div>\n\n\t<div class=\"product-element-bottom\">\n\t\t<h3 class=\"wd-entities-title\"><a href=\"https:\/\/baturina-homewear.com\/de\/produkt\/herren-hausmantel-weinrot-leinen\/\">Herren Morgenmantel Burgund Leinen<\/a><\/h3>\t\t\t\t\t\t\t\t\t\t\n\t<span class=\"price\"><span class=\"woocommerce-Price-amount amount\"><bdi><span class=\"woocommerce-Price-currencySymbol\">&#36;<\/span>591.68<\/bdi><\/span><span class=\"price-suffix\">Includes U.S. import taxes &amp; duties<\/span><\/span>\n\n\t\t<span class=\"gtm4wp_productdata\" style=\"display:none; visibility:hidden;\" data-gtm4wp_product_data=\"{&quot;internal_id&quot;:79928,&quot;item_id&quot;:79928,&quot;item_name&quot;:&quot;Herren Morgenmantel Burgund Leinen&quot;,&quot;sku&quot;:&quot;31513&quot;,&quot;price&quot;:591.68,&quot;stocklevel&quot;:null,&quot;stockstatus&quot;:&quot;instock&quot;,&quot;google_business_vertical&quot;:&quot;retail&quot;,&quot;item_category&quot;:&quot;Herren Morgenm\\u00e4ntel&quot;,&quot;id&quot;:79928,&quot;productlink&quot;:&quot;https:\\\/\\\/baturina-homewear.com\\\/de\\\/produkt\\\/herren-hausmantel-weinrot-leinen\\\/&quot;,&quot;item_list_name&quot;:&quot;General Product List&quot;,&quot;index&quot;:4,&quot;product_type&quot;:&quot;simple&quot;,&quot;item_brand&quot;:&quot;&quot;}\"><\/span>\n\t\t\t\t\n\t\t\t<\/div>\n<\/div>\n<\/div>\n\t\t\t\t\t\t\t\t<div class=\"wd-product wd-col wd-hover-tiled product-grid-item product type-product post-80644 status-publish first instock product_cat-sommer-entspannung product_cat-sommer-mantel product_cat-herren-hausmantel product_cat-morgenmaentel product_tag-custom-size-de has-post-thumbnail taxable shipping-taxable purchasable product-type-simple\" data-loop=\"4\" data-id=\"80644\">\n\t\n<div class=\"wd-product-wrapper product-wrapper\">\n\t<div class=\"wd-product-thumb product-element-top wd-quick-shop\">\n\t\t<a href=\"https:\/\/baturina-homewear.com\/de\/produkt\/herren-morgenmantel-flieder-leinen\/\" class=\"wd-product-img-link product-image-link\" tabindex=\"-1\" aria-label=\"Herren Morgenmantel Flieder Leinen\">\n\t\t\t\t\t\t<div class=\"product-labels labels-rounded-sm\">\n\t\t\t\t<span class=\"new product-label wd-shape-round-sm\">Neu<\/span>\t\t\t<\/div>\n\t\t\t<img decoding=\"async\" width=\"683\" height=\"1024\" src=\"https:\/\/baturina-homewear.com\/wp-content\/uploads\/2026\/03\/lilac-linen-dressing-gown-robe-683x1024.jpg\" class=\"attachment-large size-large\" alt=\", Dressing Gowns and Pajamas by Baturina Homewear\" srcset=\"https:\/\/baturina-homewear.com\/wp-content\/uploads\/2026\/03\/lilac-linen-dressing-gown-robe-683x1024.jpg 683w, https:\/\/baturina-homewear.com\/wp-content\/uploads\/2026\/03\/lilac-linen-dressing-gown-robe-200x300.jpg 200w, https:\/\/baturina-homewear.com\/wp-content\/uploads\/2026\/03\/lilac-linen-dressing-gown-robe-768x1152.jpg 768w, https:\/\/baturina-homewear.com\/wp-content\/uploads\/2026\/03\/lilac-linen-dressing-gown-robe-370x555.jpg 370w, https:\/\/baturina-homewear.com\/wp-content\/uploads\/2026\/03\/lilac-linen-dressing-gown-robe-670x1005.jpg 670w, https:\/\/baturina-homewear.com\/wp-content\/uploads\/2026\/03\/lilac-linen-dressing-gown-robe-150x225.jpg 150w, https:\/\/baturina-homewear.com\/wp-content\/uploads\/2026\/03\/lilac-linen-dressing-gown-robe.jpg 800w\" sizes=\"(max-width: 683px) 100vw, 683px\" title=\"\">\t\t<\/a>\n\n\t\t\n\t\t<div class=\"wd-buttons wd-pos-r-t\">\n\t\t\t\t\t\t<div class=\"wd-add-btn wd-action-btn wd-style-icon wd-add-cart-icon\"><a href=\"https:\/\/baturina-homewear.com\/de\/produkt\/herren-morgenmantel-flieder-leinen\/\" aria-describedby=\"woocommerce_loop_add_to_cart_link_describedby_80644\" data-quantity=\"1\" class=\"button product_type_simple add_to_cart_button add-to-cart-loop\" data-product_id=\"80644\" data-product_sku=\"22789\" aria-label=\"In den Warenkorb legen: \u201eHerren Morgenmantel Flieder Leinen\u201c\" rel=\"nofollow\" data-success_message=\"\u201eHerren Morgenmantel Flieder Leinen\u201c wurde deinem Warenkorb hinzugef\u00fcgt\"><span class=\"wd-action-icon\"><span class=\"wd-check-icon\"><\/span><\/span><span class=\"wd-action-text\">Ausf\u00fchrung w\u00e4hlen<\/span><\/a>\t<span id=\"woocommerce_loop_add_to_cart_link_describedby_80644\" class=\"screen-reader-text\">\n\t\t\t<\/span>\n<\/div>\n\t\t\t\t\t\t\t\t\t\t\t<\/div>\n\t<\/div>\n\n\t<div class=\"product-element-bottom\">\n\t\t<h3 class=\"wd-entities-title\"><a href=\"https:\/\/baturina-homewear.com\/de\/produkt\/herren-morgenmantel-flieder-leinen\/\">Herren Morgenmantel Flieder Leinen<\/a><\/h3>\t\t\t\t\t\t\t\t\t\t\n\t<span class=\"price\"><span class=\"woocommerce-Price-amount amount\"><bdi><span class=\"woocommerce-Price-currencySymbol\">&#36;<\/span>591.68<\/bdi><\/span><span class=\"price-suffix\">Includes U.S. import taxes &amp; duties<\/span><\/span>\n\n\t\t<span class=\"gtm4wp_productdata\" style=\"display:none; visibility:hidden;\" data-gtm4wp_product_data=\"{&quot;internal_id&quot;:80644,&quot;item_id&quot;:80644,&quot;item_name&quot;:&quot;Herren Morgenmantel Flieder Leinen&quot;,&quot;sku&quot;:&quot;22789&quot;,&quot;price&quot;:591.68,&quot;stocklevel&quot;:null,&quot;stockstatus&quot;:&quot;instock&quot;,&quot;google_business_vertical&quot;:&quot;retail&quot;,&quot;item_category&quot;:&quot;Sommer Entspannung&quot;,&quot;id&quot;:80644,&quot;productlink&quot;:&quot;https:\\\/\\\/baturina-homewear.com\\\/de\\\/produkt\\\/herren-morgenmantel-flieder-leinen\\\/&quot;,&quot;item_list_name&quot;:&quot;General Product List&quot;,&quot;index&quot;:5,&quot;product_type&quot;:&quot;simple&quot;,&quot;item_brand&quot;:&quot;&quot;}\"><\/span>\n\t\t\t\t\n\t\t\t<\/div>\n<\/div>\n<\/div>\n\t\t\n\t\t\t\t<\/div>\n\t\n\t\t\n\t\t\n\t\t\t\t\t<\/div>\n\t\t\n\t\t\t\t\t\t<\/div>\n\t\t\t\t<\/div>\n\t\t\t\t<div class=\"elementor-element elementor-element-f247336 color-scheme-inherit text-left elementor-widget elementor-widget-text-editor\" data-id=\"f247336\" data-element_type=\"widget\" data-e-type=\"widget\" data-widget_type=\"text-editor.default\">\n\t\t\t\t<div class=\"elementor-widget-container\">\n\t\t\t\t\t\t\t\t\t<p data-start=\"1817\" data-end=\"2100\">Es ist der perfekte Begleiter f\u00fcr w\u00e4rmere Klimazonen, f\u00fcr Reisen, f\u00fcr die Momente, in denen man sich zwischen den R\u00e4umen bewegt. Von der Suite zum Balkon, vom Zimmer zum Strand, vom sp\u00e4ten Fr\u00fchst\u00fcck zur Nachmittagsruhe. Leinen passt sich ohne Anstrengung an. Sie bedeckt Sie, aber sie beschwert Sie nicht.   <\/p><p data-start=\"2102\" data-end=\"2317\">Das Besondere an Leinen sind seine Textur und sein Charakter. Zu Beginn leicht strukturiert, wird es mit jedem Tragen weicher und entwickelt eine entspannte Eleganz, die nicht zu \u00fcbertreffen ist. Es ist unaufdringlich, aber nie unbemerkt.  <\/p>\t\t\t\t\t\t\t\t<\/div>\n\t\t\t\t<\/div>\n\t\t\t\t<div class=\"elementor-element elementor-element-ec4bbad elementor-widget elementor-widget-gallery\" data-id=\"ec4bbad\" data-element_type=\"widget\" data-e-type=\"widget\" data-settings=\"{&quot;gallery_layout&quot;:&quot;masonry&quot;,&quot;columns&quot;:2,&quot;link_to&quot;:&quot;custom&quot;,&quot;url&quot;:{&quot;url&quot;:&quot;https:\\\/\\\/baturina-homewear.com\\\/de\\\/produkt-kategorie\\\/kollektionen\\\/sommer-entspannung\\\/&quot;,&quot;is_external&quot;:&quot;&quot;,&quot;nofollow&quot;:&quot;&quot;,&quot;custom_attributes&quot;:&quot;&quot;},&quot;lazyload&quot;:&quot;yes&quot;,&quot;columns_tablet&quot;:2,&quot;columns_mobile&quot;:1,&quot;gap&quot;:{&quot;unit&quot;:&quot;px&quot;,&quot;size&quot;:10,&quot;sizes&quot;:[]},&quot;gap_widescreen&quot;:{&quot;unit&quot;:&quot;px&quot;,&quot;size&quot;:&quot;&quot;,&quot;sizes&quot;:[]},&quot;gap_laptop&quot;:{&quot;unit&quot;:&quot;px&quot;,&quot;size&quot;:10,&quot;sizes&quot;:[]},&quot;gap_tablet_extra&quot;:{&quot;unit&quot;:&quot;px&quot;,&quot;size&quot;:10,&quot;sizes&quot;:[]},&quot;gap_tablet&quot;:{&quot;unit&quot;:&quot;px&quot;,&quot;size&quot;:10,&quot;sizes&quot;:[]},&quot;gap_mobile_extra&quot;:{&quot;unit&quot;:&quot;px&quot;,&quot;size&quot;:10,&quot;sizes&quot;:[]},&quot;gap_mobile&quot;:{&quot;unit&quot;:&quot;px&quot;,&quot;size&quot;:10,&quot;sizes&quot;:[]},&quot;overlay_background&quot;:&quot;yes&quot;}\" data-widget_type=\"gallery.default\">\n\t\t\t\t<div class=\"elementor-widget-container\">\n\t\t\t\t\t\t\t<div class=\"elementor-gallery__container\">\n\t\t\t\t\t\t\t<a class=\"e-gallery-item elementor-gallery-item\" href=\"https:\/\/baturina-homewear.com\/de\/produkt-kategorie\/kollektionen\/sommer-entspannung\/\">\n\t\t\t\t\t<div class=\"e-gallery-image elementor-gallery-item__image\" data-thumbnail=\"https:\/\/baturina-homewear.com\/wp-content\/uploads\/2026\/03\/soft-leisure-collection2-11-683x1024.jpg\" data-width=\"683\" data-height=\"1024\" aria-label=\"\" role=\"img\" ><\/div>\n\t\t\t\t\t\t\t\t\t\t\t<div class=\"elementor-gallery-item__overlay\"><\/div>\n\t\t\t\t\t\t\t\t\t\t\t\t\t\t<\/a>\n\t\t\t\t\t\t\t<a class=\"e-gallery-item elementor-gallery-item\" href=\"https:\/\/baturina-homewear.com\/de\/produkt-kategorie\/kollektionen\/sommer-entspannung\/\">\n\t\t\t\t\t<div class=\"e-gallery-image elementor-gallery-item__image\" data-thumbnail=\"https:\/\/baturina-homewear.com\/wp-content\/uploads\/2026\/03\/soft-leisure-collection2-6-683x1024.jpg\" data-width=\"683\" data-height=\"1024\" aria-label=\"\" role=\"img\" ><\/div>\n\t\t\t\t\t\t\t\t\t\t\t<div class=\"elementor-gallery-item__overlay\"><\/div>\n\t\t\t\t\t\t\t\t\t\t\t\t\t\t<\/a>\n\t\t\t\t\t\t\t<a class=\"e-gallery-item elementor-gallery-item\" href=\"https:\/\/baturina-homewear.com\/de\/produkt-kategorie\/kollektionen\/sommer-entspannung\/\">\n\t\t\t\t\t<div class=\"e-gallery-image elementor-gallery-item__image\" data-thumbnail=\"https:\/\/baturina-homewear.com\/wp-content\/uploads\/2026\/01\/09brown-wool-robe-model-683x1024.jpg\" data-width=\"683\" data-height=\"1024\" aria-label=\"\" role=\"img\" ><\/div>\n\t\t\t\t\t\t\t\t\t\t\t<div class=\"elementor-gallery-item__overlay\"><\/div>\n\t\t\t\t\t\t\t\t\t\t\t\t\t\t<\/a>\n\t\t\t\t\t\t\t<a class=\"e-gallery-item elementor-gallery-item\" href=\"https:\/\/baturina-homewear.com\/de\/produkt-kategorie\/kollektionen\/sommer-entspannung\/\">\n\t\t\t\t\t<div class=\"e-gallery-image elementor-gallery-item__image\" data-thumbnail=\"https:\/\/baturina-homewear.com\/wp-content\/uploads\/2026\/01\/06-1brown-wool-robe-model-683x1024.jpg\" data-width=\"683\" data-height=\"1024\" aria-label=\"\" role=\"img\" ><\/div>\n\t\t\t\t\t\t\t\t\t\t\t<div class=\"elementor-gallery-item__overlay\"><\/div>\n\t\t\t\t\t\t\t\t\t\t\t\t\t\t<\/a>\n\t\t\t\t\t<\/div>\n\t\t\t\t\t<\/div>\n\t\t\t\t<\/div>\n\t\t\t\t<div class=\"elementor-element elementor-element-f9b269e color-scheme-inherit text-left elementor-widget elementor-widget-text-editor\" data-id=\"f9b269e\" data-element_type=\"widget\" data-e-type=\"widget\" data-widget_type=\"text-editor.default\">\n\t\t\t\t<div class=\"elementor-widget-container\">\n\t\t\t\t\t\t\t\t\t<p>Wenn Sie Ihre Garderobe um solche St\u00fccke herum aufbauen, wird das Anziehen intuitiv. Sie m\u00fcssen nicht zwischen Komfort und Stil w\u00e4hlen. Sie passen sich einfach an die Umgebung an und bleiben dabei Ihrem Selbstverst\u00e4ndnis treu.  <\/p><p>Ein Morgenmantel aus Wolle f\u00fcr Tiefe, W\u00e4rme und ruhige Abende. Ein Morgenmantel aus Leinen f\u00fcr Leichtigkeit, Bewegung und sonnenreiche Tage. Zwei Materialien, zwei Stimmungen, eine Idee.  <\/p>\t\t\t\t\t\t\t\t<\/div>\n\t\t\t\t<\/div>\n\t\t\t\t\t<\/div>\n\t\t\t\t<\/div>\n\t\t\t\t<\/div>\n\t\t","protected":false},"excerpt":{"rendered":"<p>Zu Hause denken wir selten daran, uns mit der gleichen Absicht zu kleiden wie im Freien. Und doch sind dies<\/p>\n","protected":false},"author":1,"featured_media":81145,"comment_status":"closed","ping_status":"closed","sticky":false,"template":"","format":"standard","meta":{"footnotes":""},"categories":[579,578],"tags":[],"class_list":["post-81144","post","type-post","status-publish","format-standard","has-post-thumbnail","hentry","category-editorial-de","category-hausmantel"],"_links":{"self":[{"href":"https:\/\/baturina-homewear.com\/de\/wp-json\/wp\/v2\/posts\/81144","targetHints":{"allow":["GET"]}}],"collection":[{"href":"https:\/\/baturina-homewear.com\/de\/wp-json\/wp\/v2\/posts"}],"about":[{"href":"https:\/\/baturina-homewear.com\/de\/wp-json\/wp\/v2\/types\/post"}],"author":[{"embeddable":true,"href":"https:\/\/baturina-homewear.com\/de\/wp-json\/wp\/v2\/users\/1"}],"replies":[{"embeddable":true,"href":"https:\/\/baturina-homewear.com\/de\/wp-json\/wp\/v2\/comments?post=81144"}],"version-history":[{"count":1,"href":"https:\/\/baturina-homewear.com\/de\/wp-json\/wp\/v2\/posts\/81144\/revisions"}],"predecessor-version":[{"id":81150,"href":"https:\/\/baturina-homewear.com\/de\/wp-json\/wp\/v2\/posts\/81144\/revisions\/81150"}],"wp:featuredmedia":[{"embeddable":true,"href":"https:\/\/baturina-homewear.com\/de\/wp-json\/wp\/v2\/media\/81145"}],"wp:attachment":[{"href":"https:\/\/baturina-homewear.com\/de\/wp-json\/wp\/v2\/media?parent=81144"}],"wp:term":[{"taxonomy":"category","embeddable":true,"href":"https:\/\/baturina-homewear.com\/de\/wp-json\/wp\/v2\/categories?post=81144"},{"taxonomy":"post_tag","embeddable":true,"href":"https:\/\/baturina-homewear.com\/de\/wp-json\/wp\/v2\/tags?post=81144"}],"curies":[{"name":"wp","href":"https:\/\/api.w.org\/{rel}","templated":true}]}}